{"id":19291,"date":"2022-04-06T10:04:00","date_gmt":"2022-04-06T13:04:00","guid":{"rendered":"https:\/\/www.fazenda.niteroi.rj.gov.br\/site\/?p=19291"},"modified":"2022-04-07T10:12:30","modified_gmt":"2022-04-07T13:12:30","slug":"agenda-06-04-2022-quarta-feira","status":"publish","type":"post","link":"https:\/\/www.fazenda.niteroi.rj.gov.br\/site\/agenda-06-04-2022-quarta-feira\/","title":{"rendered":"Agenda 06\/04\/2022 Quarta-Feira"},"content":{"rendered":"\n<p>09h<br>Ministrar aula sobre o Or\u00e7amento sens\u00edvel a g\u00eanero e Lideran\u00e7as Femininas<br>Local: Prefeitura do Rio<\/p>\n\n\n\n<p>10h<br>Pr\u00eamio Prefeito Empreendedor<br>Local: Audit\u00f3rio da Casa do Com\u00e9rcio &#8211; rua Marques de Abrantes, 99 \u2013 Flamengo<\/p>\n\n\n\n<p>14h<br>Fluxos de  Comiss\u00e3o de Programa\u00e7\u00e3o Financeira e Gest\u00e3o Fiscal  &#8211; CPFGF<br>Local: SEXEC<\/p>\n","protected":false},"excerpt":{"rendered":"<p>09hMinistrar aula sobre o Or\u00e7amento sens\u00edvel a g\u00eanero e Lideran\u00e7as FemininasLocal: Prefeitura do Rio 10hPr\u00eamio Prefeito EmpreendedorLocal: Audit\u00f3rio da Casa do Com\u00e9rcio &#8211; rua Marques de Abrantes, 99 \u2013 Flamengo [&hellip;]<\/p>\n","protected":false},"author":20,"featured_media":0,"comment_status":"closed","ping_status":"closed","sticky":false,"template":"","format":"standard","meta":{"_et_pb_use_builder":"","_et_pb_old_content":"","_et_gb_content_width":"","_usar_header_alternativo":false,"footnotes":""},"categories":[394],"tags":[397,452],"class_list":["post-19291","post","type-post","status-publish","format-standard","hentry","category-agenda","tag-agenda-da-secretaria","tag-transparencia","et-doesnt-have-format-content","et_post_format-et-post-format-standard"],"_links":{"self":[{"href":"https:\/\/www.fazenda.niteroi.rj.gov.br\/site\/wp-json\/wp\/v2\/posts\/19291","targetHints":{"allow":["GET"]}}],"collection":[{"href":"https:\/\/www.fazenda.niteroi.rj.gov.br\/site\/wp-json\/wp\/v2\/posts"}],"about":[{"href":"https:\/\/www.fazenda.niteroi.rj.gov.br\/site\/wp-json\/wp\/v2\/types\/post"}],"author":[{"embeddable":true,"href":"https:\/\/www.fazenda.niteroi.rj.gov.br\/site\/wp-json\/wp\/v2\/users\/20"}],"replies":[{"embeddable":true,"href":"https:\/\/www.fazenda.niteroi.rj.gov.br\/site\/wp-json\/wp\/v2\/comments?post=19291"}],"version-history":[{"count":1,"href":"https:\/\/www.fazenda.niteroi.rj.gov.br\/site\/wp-json\/wp\/v2\/posts\/19291\/revisions"}],"predecessor-version":[{"id":19292,"href":"https:\/\/www.fazenda.niteroi.rj.gov.br\/site\/wp-json\/wp\/v2\/posts\/19291\/revisions\/19292"}],"wp:attachment":[{"href":"https:\/\/www.fazenda.niteroi.rj.gov.br\/site\/wp-json\/wp\/v2\/media?parent=19291"}],"wp:term":[{"taxonomy":"category","embeddable":true,"href":"https:\/\/www.fazenda.niteroi.rj.gov.br\/site\/wp-json\/wp\/v2\/categories?post=19291"},{"taxonomy":"post_tag","embeddable":true,"href":"https:\/\/www.fazenda.niteroi.rj.gov.br\/site\/wp-json\/wp\/v2\/tags?post=19291"}],"curies":[{"name":"wp","href":"https:\/\/api.w.org\/{rel}","templated":true}]}}