{"id":19354,"date":"2022-04-19T15:29:39","date_gmt":"2022-04-19T18:29:39","guid":{"rendered":"https:\/\/www.fazenda.niteroi.rj.gov.br\/site\/?p=19354"},"modified":"2022-04-19T15:30:42","modified_gmt":"2022-04-19T18:30:42","slug":"agenda-19-04-2022-terca-feira","status":"publish","type":"post","link":"https:\/\/www.fazenda.niteroi.rj.gov.br\/site\/agenda-19-04-2022-terca-feira\/","title":{"rendered":"AGENDA 19\/04\/2022 TER\u00c7A-FEIRA"},"content":{"rendered":"\n<p>11h<\/p>\n\n\n\n<p>Fluxos de Processos<\/p>\n\n\n\n<p>Local: SEXEC<\/p>\n\n\n\n<p>14h<br>Reuni\u00e3o com Comit\u00ea de \u00c9tica<br>Local: SMF<\/p>\n\n\n\n<p>16h30<br>Reuni\u00e3o com Fiscal Leonardo Farias<br>Local: SMF<\/p>\n\n\n\n<p>18h<br>Audi\u00eancia P\u00fablica &#8220;presta\u00e7\u00e3o de contas e apresenta\u00e7\u00e3o do planejamento da SMS<br>Virtual<\/p>\n","protected":false},"excerpt":{"rendered":"<p>11h Fluxos de Processos Local: SEXEC 14hReuni\u00e3o com Comit\u00ea de \u00c9ticaLocal: SMF 16h30Reuni\u00e3o com Fiscal Leonardo FariasLocal: SMF 18hAudi\u00eancia P\u00fablica &#8220;presta\u00e7\u00e3o de contas e apresenta\u00e7\u00e3o do planejamento da SMSVirtual<\/p>\n","protected":false},"author":20,"featured_media":0,"comment_status":"closed","ping_status":"closed","sticky":false,"template":"","format":"standard","meta":{"_et_pb_use_builder":"","_et_pb_old_content":"","_et_gb_content_width":"","_usar_header_alternativo":false,"footnotes":""},"categories":[394],"tags":[397,452],"class_list":["post-19354","post","type-post","status-publish","format-standard","hentry","category-agenda","tag-agenda-da-secretaria","tag-transparencia","et-doesnt-have-format-content","et_post_format-et-post-format-standard"],"_links":{"self":[{"href":"https:\/\/www.fazenda.niteroi.rj.gov.br\/site\/wp-json\/wp\/v2\/posts\/19354","targetHints":{"allow":["GET"]}}],"collection":[{"href":"https:\/\/www.fazenda.niteroi.rj.gov.br\/site\/wp-json\/wp\/v2\/posts"}],"about":[{"href":"https:\/\/www.fazenda.niteroi.rj.gov.br\/site\/wp-json\/wp\/v2\/types\/post"}],"author":[{"embeddable":true,"href":"https:\/\/www.fazenda.niteroi.rj.gov.br\/site\/wp-json\/wp\/v2\/users\/20"}],"replies":[{"embeddable":true,"href":"https:\/\/www.fazenda.niteroi.rj.gov.br\/site\/wp-json\/wp\/v2\/comments?post=19354"}],"version-history":[{"count":2,"href":"https:\/\/www.fazenda.niteroi.rj.gov.br\/site\/wp-json\/wp\/v2\/posts\/19354\/revisions"}],"predecessor-version":[{"id":19356,"href":"https:\/\/www.fazenda.niteroi.rj.gov.br\/site\/wp-json\/wp\/v2\/posts\/19354\/revisions\/19356"}],"wp:attachment":[{"href":"https:\/\/www.fazenda.niteroi.rj.gov.br\/site\/wp-json\/wp\/v2\/media?parent=19354"}],"wp:term":[{"taxonomy":"category","embeddable":true,"href":"https:\/\/www.fazenda.niteroi.rj.gov.br\/site\/wp-json\/wp\/v2\/categories?post=19354"},{"taxonomy":"post_tag","embeddable":true,"href":"https:\/\/www.fazenda.niteroi.rj.gov.br\/site\/wp-json\/wp\/v2\/tags?post=19354"}],"curies":[{"name":"wp","href":"https:\/\/api.w.org\/{rel}","templated":true}]}}