{"id":19366,"date":"2022-04-20T12:48:06","date_gmt":"2022-04-20T15:48:06","guid":{"rendered":"https:\/\/www.fazenda.niteroi.rj.gov.br\/site\/?p=19366"},"modified":"2022-04-20T12:48:14","modified_gmt":"2022-04-20T15:48:14","slug":"secretaria-de-fazenda-de-niteroi-oferece-capacitacao-em-libras-para-a-equipe-da-central-de-atendimento-ao-cidadao","status":"publish","type":"post","link":"https:\/\/www.fazenda.niteroi.rj.gov.br\/site\/secretaria-de-fazenda-de-niteroi-oferece-capacitacao-em-libras-para-a-equipe-da-central-de-atendimento-ao-cidadao\/","title":{"rendered":"Secretaria de Fazenda de Niter\u00f3i oferece capacita\u00e7\u00e3o em Libras para a equipe da Central de Atendimento ao Cidad\u00e3o"},"content":{"rendered":"\n<h4 class=\"wp-block-heading\"><em>Curso b\u00e1sico ser\u00e1 ministrado pelo Departamento de Letras &#8211; Libras da UFRJ e ter\u00e1 40 horas de conte\u00fado<\/em><\/h4>\n\n\n\n<p>A Secretaria Municipal de Fazenda de Niter\u00f3i (SMF) realizou, nesta segunda-feira (18), a aula inaugural do curso b\u00e1sico de capacita\u00e7\u00e3o em L\u00edngua Brasileira de Sinais (Libras) para a equipe da Central de Atendimento ao Cidad\u00e3o (CAC). O curso ter\u00e1 formato online, com dura\u00e7\u00e3o de 10 semanas, e ser\u00e1 ministrado pelo Departamento de Letras &#8211; Libras da Universidade Federal do Rio do Janeiro (UFRJ).<\/p>\n\n\n\n<p>Participaram da aula inaugural a secret\u00e1ria de Fazenda de Niter\u00f3i, Marilia Ortiz; a diretora geral de Acessibilidade da UFRJ, Am\u00e9lia Rosauro; o coordenador geral do Curso B\u00e1sico de Libras, Alex Sandro Lins; e o supervisor da Equipe de Execu\u00e7\u00e3o do Curso, Felipe Miguel. A iniciativa da SMF tem o apoio da Coordenadoria de Acessibilidade de Niter\u00f3i.<br><br>De acordo com a secret\u00e1ria de Fazenda de Niter\u00f3i, Marilia Ortiz, o curso b\u00e1sico de capacita\u00e7\u00e3o em Libras vai reduzir as barreiras comunicacionais entre a SMF e o p\u00fablico.<br><br>\u201cJ\u00e1 temos na Central de Atendimento ao Cidad\u00e3o uma atendente formada em Libras, mas agora, com as aulas de capacita\u00e7\u00e3o, vamos estender esse conhecimento a toda equipe, e promover inclus\u00e3o, acessibilidade e o tratamento adequado \u00e0 pessoa com defici\u00eancia auditiva\u201d, explicou Marilia.<br><br>De acordo com o coordenador do Curso B\u00e1sico de Libras, Alex Sandro Lins, o conte\u00fado das aulas foi pensado para solucionar as particularidades e as necessidades dos profissionais que atendem pessoas surdas sinalizantes nos mais variados espa\u00e7os p\u00fablicos.<br><br>\u201cO curso ser\u00e1 realizado em um ambiente virtual de aprendizagem. Ser\u00e3o 40 horas de curso com diversos conte\u00fados, entre eles podemos destacar vocabul\u00e1rio, gram\u00e1tica e par\u00e2metros fonol\u00f3gicos da Libras e Legisla\u00e7\u00f5es. Por fim, ser\u00e1 realizado um trabalho de conclus\u00e3o, que poder\u00e1 ser aplicado na pr\u00f3pria institui\u00e7\u00e3o\u201d, esclareceu Alex.<\/p>\n\n\n\n<figure class=\"wp-block-gallery has-nested-images columns-default is-cropped wp-block-gallery-1 is-layout-flex wp-block-gallery-is-layout-flex\">\n<figure class=\"wp-block-image size-medium\"><a href=\"https:\/\/www.fazenda.niteroi.rj.gov.br\/site\/wp-content\/uploads\/2022\/04\/IMG_7501-scaled.jpg\"><img loading=\"lazy\" decoding=\"async\" width=\"2560\" height=\"1707\" data-id=\"19370\" src=\"https:\/\/www.fazenda.niteroi.rj.gov.br\/site\/wp-content\/uploads\/2022\/04\/IMG_7501-scaled.jpg\" alt=\"\" class=\"wp-image-19370\" srcset=\"https:\/\/www.fazenda.niteroi.rj.gov.br\/site\/wp-content\/uploads\/2022\/04\/IMG_7501-scaled.jpg 2560w, https:\/\/www.fazenda.niteroi.rj.gov.br\/site\/wp-content\/uploads\/2022\/04\/IMG_7501-400x267.jpg 400w, https:\/\/www.fazenda.niteroi.rj.gov.br\/site\/wp-content\/uploads\/2022\/04\/IMG_7501-600x400.jpg 600w, https:\/\/www.fazenda.niteroi.rj.gov.br\/site\/wp-content\/uploads\/2022\/04\/IMG_7501-768x512.jpg 768w, https:\/\/www.fazenda.niteroi.rj.gov.br\/site\/wp-content\/uploads\/2022\/04\/IMG_7501-1536x1024.jpg 1536w, https:\/\/www.fazenda.niteroi.rj.gov.br\/site\/wp-content\/uploads\/2022\/04\/IMG_7501-2048x1365.jpg 2048w, https:\/\/www.fazenda.niteroi.rj.gov.br\/site\/wp-content\/uploads\/2022\/04\/IMG_7501-1080x720.jpg 1080w\" sizes=\"auto, (max-width: 2560px) 100vw, 2560px\" \/><\/a><\/figure>\n\n\n\n<figure class=\"wp-block-image size-medium is-resized\"><a href=\"https:\/\/www.fazenda.niteroi.rj.gov.br\/site\/wp-content\/uploads\/2022\/04\/IMG_7521-scaled.jpg\"><img loading=\"lazy\" decoding=\"async\" data-id=\"19367\" src=\"https:\/\/www.fazenda.niteroi.rj.gov.br\/site\/wp-content\/uploads\/2022\/04\/IMG_7521-400x267.jpg\" alt=\"\" class=\"wp-image-19367\" width=\"341\" height=\"228\" srcset=\"https:\/\/www.fazenda.niteroi.rj.gov.br\/site\/wp-content\/uploads\/2022\/04\/IMG_7521-400x267.jpg 400w, https:\/\/www.fazenda.niteroi.rj.gov.br\/site\/wp-content\/uploads\/2022\/04\/IMG_7521-600x400.jpg 600w, https:\/\/www.fazenda.niteroi.rj.gov.br\/site\/wp-content\/uploads\/2022\/04\/IMG_7521-768x512.jpg 768w, https:\/\/www.fazenda.niteroi.rj.gov.br\/site\/wp-content\/uploads\/2022\/04\/IMG_7521-1536x1024.jpg 1536w, https:\/\/www.fazenda.niteroi.rj.gov.br\/site\/wp-content\/uploads\/2022\/04\/IMG_7521-2048x1365.jpg 2048w, https:\/\/www.fazenda.niteroi.rj.gov.br\/site\/wp-content\/uploads\/2022\/04\/IMG_7521-1080x720.jpg 1080w\" sizes=\"auto, (max-width: 341px) 100vw, 341px\" \/><\/a><\/figure>\n\n\n\n<figure class=\"wp-block-image size-medium\"><a href=\"https:\/\/www.fazenda.niteroi.rj.gov.br\/site\/wp-content\/uploads\/2022\/04\/IMG_7490-scaled.jpg\"><img loading=\"lazy\" decoding=\"async\" width=\"2560\" height=\"1707\" data-id=\"19369\" src=\"https:\/\/www.fazenda.niteroi.rj.gov.br\/site\/wp-content\/uploads\/2022\/04\/IMG_7490-scaled.jpg\" alt=\"\" class=\"wp-image-19369\" srcset=\"https:\/\/www.fazenda.niteroi.rj.gov.br\/site\/wp-content\/uploads\/2022\/04\/IMG_7490-scaled.jpg 2560w, https:\/\/www.fazenda.niteroi.rj.gov.br\/site\/wp-content\/uploads\/2022\/04\/IMG_7490-400x267.jpg 400w, https:\/\/www.fazenda.niteroi.rj.gov.br\/site\/wp-content\/uploads\/2022\/04\/IMG_7490-600x400.jpg 600w, https:\/\/www.fazenda.niteroi.rj.gov.br\/site\/wp-content\/uploads\/2022\/04\/IMG_7490-768x512.jpg 768w, https:\/\/www.fazenda.niteroi.rj.gov.br\/site\/wp-content\/uploads\/2022\/04\/IMG_7490-1536x1024.jpg 1536w, https:\/\/www.fazenda.niteroi.rj.gov.br\/site\/wp-content\/uploads\/2022\/04\/IMG_7490-2048x1365.jpg 2048w, https:\/\/www.fazenda.niteroi.rj.gov.br\/site\/wp-content\/uploads\/2022\/04\/IMG_7490-1080x720.jpg 1080w\" sizes=\"auto, (max-width: 2560px) 100vw, 2560px\" \/><\/a><\/figure>\n<\/figure>\n","protected":false},"excerpt":{"rendered":"<p>Curso b\u00e1sico ser\u00e1 ministrado pelo Departamento de Letras &#8211; Libras da UFRJ e ter\u00e1 40 horas de conte\u00fado A Secretaria Municipal de Fazenda de Niter\u00f3i (SMF) realizou, nesta segunda-feira (18), [&hellip;]<\/p>\n","protected":false},"author":18,"featured_media":19367,"comment_status":"closed","ping_status":"closed","sticky":false,"template":"","format":"standard","meta":{"_et_pb_use_builder":"","_et_pb_old_content":"","_et_gb_content_width":"","_usar_header_alternativo":false,"footnotes":""},"categories":[10],"tags":[],"class_list":["post-19366","post","type-post","status-publish","format-standard","has-post-thumbnail","hentry","category-noticias","et-has-post-format-content","et_post_format-et-post-format-standard"],"_links":{"self":[{"href":"https:\/\/www.fazenda.niteroi.rj.gov.br\/site\/wp-json\/wp\/v2\/posts\/19366","targetHints":{"allow":["GET"]}}],"collection":[{"href":"https:\/\/www.fazenda.niteroi.rj.gov.br\/site\/wp-json\/wp\/v2\/posts"}],"about":[{"href":"https:\/\/www.fazenda.niteroi.rj.gov.br\/site\/wp-json\/wp\/v2\/types\/post"}],"author":[{"embeddable":true,"href":"https:\/\/www.fazenda.niteroi.rj.gov.br\/site\/wp-json\/wp\/v2\/users\/18"}],"replies":[{"embeddable":true,"href":"https:\/\/www.fazenda.niteroi.rj.gov.br\/site\/wp-json\/wp\/v2\/comments?post=19366"}],"version-history":[{"count":2,"href":"https:\/\/www.fazenda.niteroi.rj.gov.br\/site\/wp-json\/wp\/v2\/posts\/19366\/revisions"}],"predecessor-version":[{"id":19371,"href":"https:\/\/www.fazenda.niteroi.rj.gov.br\/site\/wp-json\/wp\/v2\/posts\/19366\/revisions\/19371"}],"wp:featuredmedia":[{"embeddable":true,"href":"https:\/\/www.fazenda.niteroi.rj.gov.br\/site\/wp-json\/wp\/v2\/media\/19367"}],"wp:attachment":[{"href":"https:\/\/www.fazenda.niteroi.rj.gov.br\/site\/wp-json\/wp\/v2\/media?parent=19366"}],"wp:term":[{"taxonomy":"category","embeddable":true,"href":"https:\/\/www.fazenda.niteroi.rj.gov.br\/site\/wp-json\/wp\/v2\/categories?post=19366"},{"taxonomy":"post_tag","embeddable":true,"href":"https:\/\/www.fazenda.niteroi.rj.gov.br\/site\/wp-json\/wp\/v2\/tags?post=19366"}],"curies":[{"name":"wp","href":"https:\/\/api.w.org\/{rel}","templated":true}]}}