{"id":19389,"date":"2022-04-25T17:09:58","date_gmt":"2022-04-25T20:09:58","guid":{"rendered":"https:\/\/www.fazenda.niteroi.rj.gov.br\/site\/?p=19389"},"modified":"2022-04-25T17:10:31","modified_gmt":"2022-04-25T20:10:31","slug":"pauta-de-julgamento-sessao-virtual-dia-27-de-abril-de-2022","status":"publish","type":"post","link":"https:\/\/www.fazenda.niteroi.rj.gov.br\/site\/pauta-de-julgamento-sessao-virtual-dia-27-de-abril-de-2022\/","title":{"rendered":"PAUTA DE JULGAMENTO \u2013 SESS\u00c3O VIRTUAL DIA 27 DE ABRIL DE 2022."},"content":{"rendered":"\n<h2 class=\"wp-block-heading\" id=\"block-056cdbb4-ebe4-4ce3-9be5-8fca1884fd93\"><strong>PREFEITURA MUNICIPAL DE NITER\u00d3I<\/strong><\/h2>\n\n\n\n<p id=\"block-6ce02b12-a343-4068-95ac-d8b39cf09dc3\"><strong><u>CONSELHO DE CONTRIBUINTES DO MUNIC\u00cdPIO DE NITER\u00d3I \u2013 CC<\/u><\/strong><\/p>\n\n\n\n<p id=\"block-7ccf237d-6e49-43e0-90e2-0c473ca6ff77\"><strong>REUNI\u00c3O PARA JULGAMENTOS DE RECURSOS, A SER REALIZADA NO <u>DIA <\/u>27 <u>DE ABRIL DE 2022<\/u>, COM <u>IN\u00cdCIO \u00c0S 10:00<\/u>,<\/strong><\/p>\n\n\n\n<h3 class=\"wp-block-heading\" id=\"block-8a2b093d-0650-4ddb-b6d1-c4b5d39f11d0\"><strong><u>Pauta de Julgamentos<\/u><\/strong><\/h3>\n\n\n\n<p id=\"block-81abcf3c-407d-4e90-a620-ea622531fc53\"><strong>(Art. 15, \u00a7 3\u00ba, da Lei n\u00ba 2.228\/2005 e Art. 76 do Decreto n\u00ba 9.735\/2005 e Art. 4\u00ba da Resolu\u00e7\u00e3o n\u00ba 01\/2020 do Conselho de Contribuintes do Munic\u00edpio de Niter\u00f3i)<\/strong><\/p>\n\n\n\n<p><strong><u>\u25ba <\/u><\/strong><strong><u>1.334\u00aa Sess\u00e3o Ordin\u00e1ria:<\/u><\/strong><\/p>\n\n\n\n<p><strong>PROCESSO: 030\/025139\/2017 ESPELHO PA 030\/013734\/2021<\/strong><\/p>\n\n\n\n<p>RECORRENTE: &#8211; UNIMED S\u00c3O GON\u00c7ALO NITER\u00d3I SOC. COOP. SERV. M\u00c9DICOS&nbsp;<\/p>\n\n\n\n<p>RECORRIDO: &#8211; SECRETARIA MUNICIPAL DE FAZENDA<\/p>\n\n\n\n<p>RELATOR: &#8211; M\u00c1RCIO MATEUS DE MACEDO<\/p>\n\n\n\n<p>REPRESENTANTE DA FAZENDA \u2013 HELTON FIGUEIRA SANTOS<\/p>\n\n\n\n<p><strong>PROCESSO: 030\/016762\/2019<\/strong><\/p>\n\n\n\n<p>RECORRENTE: &#8211; SPSYN PARTICIPA\u00c7\u00d5ES LTDA<strong> <\/strong>&nbsp;&nbsp;&nbsp;&nbsp;&nbsp;&nbsp;&nbsp;&nbsp;&nbsp;&nbsp;&nbsp;&nbsp;&nbsp;&nbsp;&nbsp;&nbsp;&nbsp;&nbsp;&nbsp;&nbsp;&nbsp;&nbsp;&nbsp;&nbsp;&nbsp;&nbsp;&nbsp;&nbsp;&nbsp;&nbsp;&nbsp;<\/p>\n\n\n\n<p>RECORRIDO: &#8211; SECRETARIA MUNICIPAL DE FAZENDA<\/p>\n\n\n\n<p>RELATOR: &#8211; FRANCISCO DA CUNHA FERREIRA<\/p>\n\n\n\n<p>REPRESENTANTE DA FAZENDA \u2013 RAFAEL HENZE PIMENTEL<\/p>\n\n\n\n<p><strong><u>\u25ba <\/u><\/strong><strong><u>1.335\u00aa Sess\u00e3o Ordin\u00e1ria:<\/u><\/strong><\/p>\n\n\n\n<p><strong>PROCESSO: 030\/004401\/2021, 030\/004403\/2021 E 030\/004404\/2021&nbsp;&nbsp;&nbsp;<\/strong><\/p>\n\n\n\n<p>RECORRENTE: &#8211; ENAVI REPAROS NAVAIS&nbsp;&nbsp;<\/p>\n\n\n\n<p>RECORRIDO: &#8211; SECRETARIA MUNICIPAL DE FAZENDA&nbsp; <strong><\/strong><\/p>\n\n\n\n<p>RELATOR: &#8211; ERMANO TORRES SANTIAGO<\/p>\n\n\n\n<p>REPRESENTANTE DA FAZENDA: \u2013 ANDR\u00c9 LU\u00cdS CARDOSO PIRES<\/p>\n\n\n\n<p>CC, EM 25 DE ABRIL DE 2022.<\/p>\n","protected":false},"excerpt":{"rendered":"<p>PREFEITURA MUNICIPAL DE NITER\u00d3I CONSELHO DE CONTRIBUINTES DO MUNIC\u00cdPIO DE NITER\u00d3I \u2013 CC REUNI\u00c3O PARA JULGAMENTOS DE RECURSOS, A SER REALIZADA NO DIA 27 DE ABRIL DE 2022, COM IN\u00cdCIO [&hellip;]<\/p>\n","protected":false},"author":27,"featured_media":0,"comment_status":"closed","ping_status":"closed","sticky":false,"template":"","format":"standard","meta":{"_et_pb_use_builder":"","_et_pb_old_content":"","_et_gb_content_width":"","_usar_header_alternativo":false,"footnotes":""},"categories":[126,132],"tags":[],"class_list":["post-19389","post","type-post","status-publish","format-standard","hentry","category-ccn","category-pautas","et-doesnt-have-format-content","et_post_format-et-post-format-standard"],"_links":{"self":[{"href":"https:\/\/www.fazenda.niteroi.rj.gov.br\/site\/wp-json\/wp\/v2\/posts\/19389","targetHints":{"allow":["GET"]}}],"collection":[{"href":"https:\/\/www.fazenda.niteroi.rj.gov.br\/site\/wp-json\/wp\/v2\/posts"}],"about":[{"href":"https:\/\/www.fazenda.niteroi.rj.gov.br\/site\/wp-json\/wp\/v2\/types\/post"}],"author":[{"embeddable":true,"href":"https:\/\/www.fazenda.niteroi.rj.gov.br\/site\/wp-json\/wp\/v2\/users\/27"}],"replies":[{"embeddable":true,"href":"https:\/\/www.fazenda.niteroi.rj.gov.br\/site\/wp-json\/wp\/v2\/comments?post=19389"}],"version-history":[{"count":1,"href":"https:\/\/www.fazenda.niteroi.rj.gov.br\/site\/wp-json\/wp\/v2\/posts\/19389\/revisions"}],"predecessor-version":[{"id":19390,"href":"https:\/\/www.fazenda.niteroi.rj.gov.br\/site\/wp-json\/wp\/v2\/posts\/19389\/revisions\/19390"}],"wp:attachment":[{"href":"https:\/\/www.fazenda.niteroi.rj.gov.br\/site\/wp-json\/wp\/v2\/media?parent=19389"}],"wp:term":[{"taxonomy":"category","embeddable":true,"href":"https:\/\/www.fazenda.niteroi.rj.gov.br\/site\/wp-json\/wp\/v2\/categories?post=19389"},{"taxonomy":"post_tag","embeddable":true,"href":"https:\/\/www.fazenda.niteroi.rj.gov.br\/site\/wp-json\/wp\/v2\/tags?post=19389"}],"curies":[{"name":"wp","href":"https:\/\/api.w.org\/{rel}","templated":true}]}}