{"id":19496,"date":"2022-05-09T10:50:54","date_gmt":"2022-05-09T13:50:54","guid":{"rendered":"https:\/\/www.fazenda.niteroi.rj.gov.br\/site\/?p=19496"},"modified":"2022-05-09T10:51:15","modified_gmt":"2022-05-09T13:51:15","slug":"agenda-09-05-2022-segunda-feira","status":"publish","type":"post","link":"https:\/\/www.fazenda.niteroi.rj.gov.br\/site\/agenda-09-05-2022-segunda-feira\/","title":{"rendered":"Agenda 09.05.2022  Segunda &#8211; Feira"},"content":{"rendered":"\n<p>10h<br>Ponto de Controle<\/p>\n\n\n\n<p>11h30<br>Reuni\u00e3o com Vereador Binho Guimar\u00e3es<\/p>\n\n\n\n<p>13h<br>Almo\u00e7o c\/ Secret\u00e1rio Andr\u00e9 Diniz<\/p>\n\n\n\n<p>15h<br>Reuni\u00e3o com Presidente da C\u00e2mara de Vereadores &#8211; Cal<br>SMF<\/p>\n\n\n\n<p>16h<br>Visita T\u00e9cnica do Secret\u00e1rio das Culturas \u2013 Alexandre Santini<\/p>\n","protected":false},"excerpt":{"rendered":"<p>10hPonto de Controle 11h30Reuni\u00e3o com Vereador Binho Guimar\u00e3es 13hAlmo\u00e7o c\/ Secret\u00e1rio Andr\u00e9 Diniz 15hReuni\u00e3o com Presidente da C\u00e2mara de Vereadores &#8211; CalSMF 16hVisita T\u00e9cnica do Secret\u00e1rio das Culturas \u2013 Alexandre [&hellip;]<\/p>\n","protected":false},"author":20,"featured_media":0,"comment_status":"closed","ping_status":"closed","sticky":false,"template":"","format":"standard","meta":{"_et_pb_use_builder":"","_et_pb_old_content":"","_et_gb_content_width":"","_usar_header_alternativo":false,"footnotes":""},"categories":[394],"tags":[397,452],"class_list":["post-19496","post","type-post","status-publish","format-standard","hentry","category-agenda","tag-agenda-da-secretaria","tag-transparencia","et-doesnt-have-format-content","et_post_format-et-post-format-standard"],"_links":{"self":[{"href":"https:\/\/www.fazenda.niteroi.rj.gov.br\/site\/wp-json\/wp\/v2\/posts\/19496","targetHints":{"allow":["GET"]}}],"collection":[{"href":"https:\/\/www.fazenda.niteroi.rj.gov.br\/site\/wp-json\/wp\/v2\/posts"}],"about":[{"href":"https:\/\/www.fazenda.niteroi.rj.gov.br\/site\/wp-json\/wp\/v2\/types\/post"}],"author":[{"embeddable":true,"href":"https:\/\/www.fazenda.niteroi.rj.gov.br\/site\/wp-json\/wp\/v2\/users\/20"}],"replies":[{"embeddable":true,"href":"https:\/\/www.fazenda.niteroi.rj.gov.br\/site\/wp-json\/wp\/v2\/comments?post=19496"}],"version-history":[{"count":1,"href":"https:\/\/www.fazenda.niteroi.rj.gov.br\/site\/wp-json\/wp\/v2\/posts\/19496\/revisions"}],"predecessor-version":[{"id":19498,"href":"https:\/\/www.fazenda.niteroi.rj.gov.br\/site\/wp-json\/wp\/v2\/posts\/19496\/revisions\/19498"}],"wp:attachment":[{"href":"https:\/\/www.fazenda.niteroi.rj.gov.br\/site\/wp-json\/wp\/v2\/media?parent=19496"}],"wp:term":[{"taxonomy":"category","embeddable":true,"href":"https:\/\/www.fazenda.niteroi.rj.gov.br\/site\/wp-json\/wp\/v2\/categories?post=19496"},{"taxonomy":"post_tag","embeddable":true,"href":"https:\/\/www.fazenda.niteroi.rj.gov.br\/site\/wp-json\/wp\/v2\/tags?post=19496"}],"curies":[{"name":"wp","href":"https:\/\/api.w.org\/{rel}","templated":true}]}}