{"id":19515,"date":"2022-05-10T07:00:00","date_gmt":"2022-05-10T10:00:00","guid":{"rendered":"https:\/\/www.fazenda.niteroi.rj.gov.br\/site\/?p=19515"},"modified":"2022-05-10T10:05:28","modified_gmt":"2022-05-10T13:05:28","slug":"agenda-10-05-2022-terca-feira","status":"publish","type":"post","link":"https:\/\/www.fazenda.niteroi.rj.gov.br\/site\/agenda-10-05-2022-terca-feira\/","title":{"rendered":"Agenda 10\/05\/2022 Ter\u00e7a-Feira"},"content":{"rendered":"\n<p>10h<br>Caf\u00e9 Empresarial &#8211; Educa Fisco<br>Local: CDL<\/p>\n\n\n\n<p><br>14h<br>Despacho Interno Subs. Receita Juan Rodrigues<br>Local: SMF<\/p>\n\n\n\n<p><\/p>\n\n\n\n<p>15h<br>Reuni\u00e3o com Secret\u00e1rio de Rela\u00e7\u00f5es Institucionais Sr. Rodrigo Farah,<br>Subs de Receitas Sr. Juan Rodrigues.<br>Local: SMF<\/p>\n\n\n\n<p><br>16h<br>Seguro Habitacional da antiga carteira de im\u00f3veis da NITPREV<br>Local: PMN<\/p>\n","protected":false},"excerpt":{"rendered":"<p>10hCaf\u00e9 Empresarial &#8211; Educa FiscoLocal: CDL 14hDespacho Interno Subs. Receita Juan RodriguesLocal: SMF 15hReuni\u00e3o com Secret\u00e1rio de Rela\u00e7\u00f5es Institucionais Sr. Rodrigo Farah,Subs de Receitas Sr. Juan Rodrigues.Local: SMF 16hSeguro Habitacional [&hellip;]<\/p>\n","protected":false},"author":18,"featured_media":12299,"comment_status":"closed","ping_status":"closed","sticky":false,"template":"","format":"standard","meta":{"_et_pb_use_builder":"","_et_pb_old_content":"","_et_gb_content_width":"","_usar_header_alternativo":false,"footnotes":""},"categories":[394],"tags":[397,452],"class_list":["post-19515","post","type-post","status-publish","format-standard","has-post-thumbnail","hentry","category-agenda","tag-agenda-da-secretaria","tag-transparencia","et-has-post-format-content","et_post_format-et-post-format-standard"],"_links":{"self":[{"href":"https:\/\/www.fazenda.niteroi.rj.gov.br\/site\/wp-json\/wp\/v2\/posts\/19515","targetHints":{"allow":["GET"]}}],"collection":[{"href":"https:\/\/www.fazenda.niteroi.rj.gov.br\/site\/wp-json\/wp\/v2\/posts"}],"about":[{"href":"https:\/\/www.fazenda.niteroi.rj.gov.br\/site\/wp-json\/wp\/v2\/types\/post"}],"author":[{"embeddable":true,"href":"https:\/\/www.fazenda.niteroi.rj.gov.br\/site\/wp-json\/wp\/v2\/users\/18"}],"replies":[{"embeddable":true,"href":"https:\/\/www.fazenda.niteroi.rj.gov.br\/site\/wp-json\/wp\/v2\/comments?post=19515"}],"version-history":[{"count":3,"href":"https:\/\/www.fazenda.niteroi.rj.gov.br\/site\/wp-json\/wp\/v2\/posts\/19515\/revisions"}],"predecessor-version":[{"id":19520,"href":"https:\/\/www.fazenda.niteroi.rj.gov.br\/site\/wp-json\/wp\/v2\/posts\/19515\/revisions\/19520"}],"wp:featuredmedia":[{"embeddable":true,"href":"https:\/\/www.fazenda.niteroi.rj.gov.br\/site\/wp-json\/wp\/v2\/media\/12299"}],"wp:attachment":[{"href":"https:\/\/www.fazenda.niteroi.rj.gov.br\/site\/wp-json\/wp\/v2\/media?parent=19515"}],"wp:term":[{"taxonomy":"category","embeddable":true,"href":"https:\/\/www.fazenda.niteroi.rj.gov.br\/site\/wp-json\/wp\/v2\/categories?post=19515"},{"taxonomy":"post_tag","embeddable":true,"href":"https:\/\/www.fazenda.niteroi.rj.gov.br\/site\/wp-json\/wp\/v2\/tags?post=19515"}],"curies":[{"name":"wp","href":"https:\/\/api.w.org\/{rel}","templated":true}]}}