{"id":19594,"date":"2022-05-13T10:11:00","date_gmt":"2022-05-13T13:11:00","guid":{"rendered":"https:\/\/www.fazenda.niteroi.rj.gov.br\/site\/?p=19594"},"modified":"2022-05-16T10:12:50","modified_gmt":"2022-05-16T13:12:50","slug":"agenda-13-05-2022-sexta-feira","status":"publish","type":"post","link":"https:\/\/www.fazenda.niteroi.rj.gov.br\/site\/agenda-13-05-2022-sexta-feira\/","title":{"rendered":"Agenda 13\/05\/2022 Sexta-feira"},"content":{"rendered":"\n<p>09h30<br>Caf\u00e9 da Manh\u00e3 Secret\u00e1ria Sra. Dayse Monassa<\/p>\n\n\n\n<p>10h<br>Lan\u00e7amento da Atendente Virtual da PMN<br>Local: Sala Nelson Pereira dos Santos<\/p>\n\n\n\n<p>11h<br>Despacho Interno com Assessora Dandara Xavier<\/p>\n\n\n\n<p>14h<br>Despacho Interno com Sr. Luiz Ot\u00e1vio<br>Pauta: Texto Cultura<\/p>\n\n\n\n<p>16h<br>Reuni\u00e3o na CVM<\/p>\n","protected":false},"excerpt":{"rendered":"<p>09h30Caf\u00e9 da Manh\u00e3 Secret\u00e1ria Sra. Dayse Monassa 10hLan\u00e7amento da Atendente Virtual da PMNLocal: Sala Nelson Pereira dos Santos 11hDespacho Interno com Assessora Dandara Xavier 14hDespacho Interno com Sr. Luiz Ot\u00e1vioPauta: [&hellip;]<\/p>\n","protected":false},"author":20,"featured_media":0,"comment_status":"closed","ping_status":"closed","sticky":false,"template":"","format":"standard","meta":{"_et_pb_use_builder":"","_et_pb_old_content":"","_et_gb_content_width":"","_usar_header_alternativo":false,"footnotes":""},"categories":[394],"tags":[397,452],"class_list":["post-19594","post","type-post","status-publish","format-standard","hentry","category-agenda","tag-agenda-da-secretaria","tag-transparencia","et-doesnt-have-format-content","et_post_format-et-post-format-standard"],"_links":{"self":[{"href":"https:\/\/www.fazenda.niteroi.rj.gov.br\/site\/wp-json\/wp\/v2\/posts\/19594","targetHints":{"allow":["GET"]}}],"collection":[{"href":"https:\/\/www.fazenda.niteroi.rj.gov.br\/site\/wp-json\/wp\/v2\/posts"}],"about":[{"href":"https:\/\/www.fazenda.niteroi.rj.gov.br\/site\/wp-json\/wp\/v2\/types\/post"}],"author":[{"embeddable":true,"href":"https:\/\/www.fazenda.niteroi.rj.gov.br\/site\/wp-json\/wp\/v2\/users\/20"}],"replies":[{"embeddable":true,"href":"https:\/\/www.fazenda.niteroi.rj.gov.br\/site\/wp-json\/wp\/v2\/comments?post=19594"}],"version-history":[{"count":1,"href":"https:\/\/www.fazenda.niteroi.rj.gov.br\/site\/wp-json\/wp\/v2\/posts\/19594\/revisions"}],"predecessor-version":[{"id":19595,"href":"https:\/\/www.fazenda.niteroi.rj.gov.br\/site\/wp-json\/wp\/v2\/posts\/19594\/revisions\/19595"}],"wp:attachment":[{"href":"https:\/\/www.fazenda.niteroi.rj.gov.br\/site\/wp-json\/wp\/v2\/media?parent=19594"}],"wp:term":[{"taxonomy":"category","embeddable":true,"href":"https:\/\/www.fazenda.niteroi.rj.gov.br\/site\/wp-json\/wp\/v2\/categories?post=19594"},{"taxonomy":"post_tag","embeddable":true,"href":"https:\/\/www.fazenda.niteroi.rj.gov.br\/site\/wp-json\/wp\/v2\/tags?post=19594"}],"curies":[{"name":"wp","href":"https:\/\/api.w.org\/{rel}","templated":true}]}}