{"id":19629,"date":"2022-05-24T13:42:45","date_gmt":"2022-05-24T16:42:45","guid":{"rendered":"https:\/\/www.fazenda.niteroi.rj.gov.br\/site\/?p=19629"},"modified":"2022-05-24T15:51:30","modified_gmt":"2022-05-24T18:51:30","slug":"pauta-de-julgamento-para-o-dia-26-de-maio-de-2022","status":"publish","type":"post","link":"https:\/\/www.fazenda.niteroi.rj.gov.br\/site\/pauta-de-julgamento-para-o-dia-26-de-maio-de-2022\/","title":{"rendered":"PAUTA DE JULGAMENTO PARA O DIA 26 DE MAIO DE 2022"},"content":{"rendered":"\n\n\n<p><strong>&nbsp;&nbsp;&nbsp;&nbsp;&nbsp;&nbsp;&nbsp;&nbsp;&nbsp;&nbsp;&nbsp;&nbsp;&nbsp;&nbsp;&nbsp;&nbsp;&nbsp;&nbsp;&nbsp;&nbsp;&nbsp;&nbsp;&nbsp;&nbsp;&nbsp;&nbsp;&nbsp;&nbsp;&nbsp;&nbsp;&nbsp; <\/strong><strong>&nbsp;PREFEITURA MUNICIPAL DE NITER\u00d3I<\/strong><\/p>\n\n\n\n<p><strong>&nbsp;&nbsp;&nbsp;&nbsp;&nbsp;&nbsp;&nbsp;&nbsp;&nbsp;&nbsp;&nbsp;&nbsp;&nbsp;&nbsp;&nbsp;&nbsp;&nbsp;&nbsp;&nbsp;&nbsp;&nbsp;&nbsp;&nbsp;&nbsp;&nbsp;&nbsp;&nbsp;&nbsp;&nbsp;&nbsp;&nbsp; <u>SECRETARIA MUNICIPAL DE FAZENDA<\/u><\/strong><\/p>\n\n\n\n<p><strong><u>CONSELHO DE CONTRIBUINTES DO MUNIC\u00cdPIO DE NITER\u00d3I &#8211; FCCN<\/u><\/strong><\/p>\n\n\n\n<p><strong>REUNI\u00c3O VIRTUAL PARA JULGAMENTO DE RECURSOS, A SER REALIZADA NO DIA 26 DE MAIO DE 2022, COM IN\u00cdCIO AS 10:00 HORAS.<\/strong><\/p>\n\n\n\n<p><strong><u>Pauta de julgamento &#8211; Sess\u00e3o Virtual<\/u><\/strong><\/p>\n\n\n\n<p><strong>(Art. 15, parag. 3\u00b0, da Lei 2.228\/2005, Art. 76 do Decreto 9.735\/2005 e art. 4\u00ba da Resolu\u00e7\u00e3o n\u00ba 01\/2020 do Conselho de Contribuintes do Munic\u00edpio de Niter\u00f3i)<\/strong><\/p>\n\n\n\n<p><strong><u>1.342\u00aa Sess\u00e3o Ordin\u00e1ria:<\/u><\/strong><\/p>\n\n\n\n<ol class=\"wp-block-list\" type=\"1\"><li><strong>PROCESSOS: &#8211; 030\/023.916\/2019<\/strong><\/li><\/ol>\n\n\n\n<p><strong>&nbsp;&nbsp;&nbsp; RECORRENTE: &#8211; SQUASSO CENTRO DE BELEZA EIRELI<\/strong><\/p>\n\n\n\n<p><strong>RECORRIDO: &#8211; SECRETARIA MUNICIPAL DE FAZENDA<\/strong><\/p>\n\n\n\n<p><strong>REP. DA FAZENDA: &#8211; RAFAEL HENZE PIMENTEL<\/strong><\/p>\n\n\n\n<p><strong>RELATOR: LUIZ ALBERTO SOARES<\/strong><\/p>\n\n\n\n<p><strong>SUST. ORAL: DR. MATHEUS REIS E MONTENEGRO \u2013 OAB\/RJ. 166.994<\/strong><\/p>\n\n\n\n<p><strong>2.PROCESSOS: 030\/023.909\/2019<\/strong><\/p>\n\n\n\n<p><strong>RECORRENTE: &#8211; SQUASSO CENTRO DE BELEZA EIRELI<\/strong><\/p>\n\n\n\n<p><strong>RECORRIDO: &#8211; SECRETARIA MUNICIPAL DE FAZENDA<\/strong><\/p>\n\n\n\n<p><strong>REP. DA FAZENDA: &#8211; RAFAEL HENZE PIMENTEL<\/strong><\/p>\n\n\n\n<p><strong>RELATOR: LUIZ ALBERTO SOARES<\/strong><\/p>\n\n\n\n<p><strong>SUST. ORAL: &#8211; DR. MATHEUS REIS E MONTENEGRO &#8211; OAB\/RJ. 166.994<\/strong><\/p>\n\n\n\n<p><strong>3.PROCESSOS: 030\/023.910\/2019<\/strong><\/p>\n\n\n\n<p><strong>RECORRENTE: &#8211; SQUASSO CENTRO DE BELEZA EIRELI<\/strong><\/p>\n\n\n\n<p><strong>RECORRIDO: &#8211; SECRETARIA MUNICIPAL DE FAZENDA<\/strong><\/p>\n\n\n\n<p><strong>REP. DA FAZENDA: &#8211; RAFAEL HENZE PIMENTEL<\/strong><\/p>\n\n\n\n<p><strong>RELATOR: LUIZ ALBERTO SOARES<\/strong><\/p>\n\n\n\n<p><strong>SUST. ORAL: &#8211; DR. MATHEUS REIS E MONTENEGRO \u2013 OAB\/RJ. 166.994<\/strong><\/p>\n\n\n\n<p><strong>4.PROCESSOS: &nbsp;030\/023911\/19 &nbsp;e 030\/023913\/2019<\/strong><\/p>\n\n\n\n<p><strong>RECORRENTE: &#8211; SQUASSO CENTRO DE BELEZA EIRELI<\/strong><\/p>\n\n\n\n<p><strong>RECORRIDO: &#8211; SECRETARIA MUNICIPAL DE FAZENDA<\/strong><\/p>\n\n\n\n<p><strong>REP. DA FAZENDA: &#8211; RAFAEL HENZE PIMENTEL<\/strong><\/p>\n\n\n\n<p><strong>RELATOR: LUIZ ALBERTO SOARES<\/strong><\/p>\n\n\n\n<p><strong>SUST. ORAL: &#8211; DR. MATHEUS REIS E MONTENEGRO \u2013 OAB\/RJ. 166.994<\/strong><\/p>\n\n\n\n<p><strong>Conselho de Contribuintes em 24 de maio de 2022<\/strong><\/p>\n\n\n\n<p><strong>&nbsp;&nbsp;&nbsp; Nilceia Duarte \u2013 Secret\u00e1ria &nbsp;&nbsp;&nbsp;&nbsp;&nbsp;&nbsp;&nbsp;&nbsp;&nbsp;&nbsp;&nbsp;&nbsp;&nbsp;&nbsp;&nbsp;&nbsp;&nbsp;&nbsp;&nbsp;<\/strong><\/p>\n","protected":false},"excerpt":{"rendered":"<p>&nbsp;&nbsp;&nbsp;&nbsp;&nbsp;&nbsp;&nbsp;&nbsp;&nbsp;&nbsp;&nbsp;&nbsp;&nbsp;&nbsp;&nbsp;&nbsp;&nbsp;&nbsp;&nbsp;&nbsp;&nbsp;&nbsp;&nbsp;&nbsp;&nbsp;&nbsp;&nbsp;&nbsp;&nbsp;&nbsp;&nbsp; &nbsp;PREFEITURA MUNICIPAL DE NITER\u00d3I &nbsp;&nbsp;&nbsp;&nbsp;&nbsp;&nbsp;&nbsp;&nbsp;&nbsp;&nbsp;&nbsp;&nbsp;&nbsp;&nbsp;&nbsp;&nbsp;&nbsp;&nbsp;&nbsp;&nbsp;&nbsp;&nbsp;&nbsp;&nbsp;&nbsp;&nbsp;&nbsp;&nbsp;&nbsp;&nbsp;&nbsp; SECRETARIA MUNICIPAL DE FAZENDA CONSELHO DE CONTRIBUINTES DO MUNIC\u00cdPIO DE NITER\u00d3I &#8211; FCCN REUNI\u00c3O VIRTUAL PARA JULGAMENTO DE RECURSOS, A SER REALIZADA NO DIA [&hellip;]<\/p>\n","protected":false},"author":4,"featured_media":0,"comment_status":"closed","ping_status":"closed","sticky":false,"template":"","format":"standard","meta":{"_et_pb_use_builder":"","_et_pb_old_content":"","_et_gb_content_width":"","_usar_header_alternativo":false,"footnotes":""},"categories":[126,132],"tags":[],"class_list":["post-19629","post","type-post","status-publish","format-standard","hentry","category-ccn","category-pautas","et-doesnt-have-format-content","et_post_format-et-post-format-standard"],"_links":{"self":[{"href":"https:\/\/www.fazenda.niteroi.rj.gov.br\/site\/wp-json\/wp\/v2\/posts\/19629","targetHints":{"allow":["GET"]}}],"collection":[{"href":"https:\/\/www.fazenda.niteroi.rj.gov.br\/site\/wp-json\/wp\/v2\/posts"}],"about":[{"href":"https:\/\/www.fazenda.niteroi.rj.gov.br\/site\/wp-json\/wp\/v2\/types\/post"}],"author":[{"embeddable":true,"href":"https:\/\/www.fazenda.niteroi.rj.gov.br\/site\/wp-json\/wp\/v2\/users\/4"}],"replies":[{"embeddable":true,"href":"https:\/\/www.fazenda.niteroi.rj.gov.br\/site\/wp-json\/wp\/v2\/comments?post=19629"}],"version-history":[{"count":5,"href":"https:\/\/www.fazenda.niteroi.rj.gov.br\/site\/wp-json\/wp\/v2\/posts\/19629\/revisions"}],"predecessor-version":[{"id":19638,"href":"https:\/\/www.fazenda.niteroi.rj.gov.br\/site\/wp-json\/wp\/v2\/posts\/19629\/revisions\/19638"}],"wp:attachment":[{"href":"https:\/\/www.fazenda.niteroi.rj.gov.br\/site\/wp-json\/wp\/v2\/media?parent=19629"}],"wp:term":[{"taxonomy":"category","embeddable":true,"href":"https:\/\/www.fazenda.niteroi.rj.gov.br\/site\/wp-json\/wp\/v2\/categories?post=19629"},{"taxonomy":"post_tag","embeddable":true,"href":"https:\/\/www.fazenda.niteroi.rj.gov.br\/site\/wp-json\/wp\/v2\/tags?post=19629"}],"curies":[{"name":"wp","href":"https:\/\/api.w.org\/{rel}","templated":true}]}}