{"id":19651,"date":"2022-05-24T10:36:00","date_gmt":"2022-05-24T13:36:00","guid":{"rendered":"https:\/\/www.fazenda.niteroi.rj.gov.br\/site\/?p=19651"},"modified":"2022-05-25T10:40:33","modified_gmt":"2022-05-25T13:40:33","slug":"agenda-24-05-2022-terca-feira","status":"publish","type":"post","link":"https:\/\/www.fazenda.niteroi.rj.gov.br\/site\/agenda-24-05-2022-terca-feira\/","title":{"rendered":"Agenda 24\/05\/2022 Ter\u00e7a-Feira"},"content":{"rendered":"\n<p>11h<br>Call Rodolfo Fiori<\/p>\n\n\n\n<p>12h30<br>Almo\u00e7o Sra. Fernanda Sixel<br>Local: -Reserva Cultural (Bistr\u00f4)<\/p>\n\n\n\n<p>14h<br>Cerim\u00f4nia de Apresenta\u00e7\u00e3o do Sistema de Avalia\u00e7\u00e3o e Gest\u00e3o da Informa\u00e7\u00e3o das pol\u00edticas p\u00fablicas de Niter\u00f3i<br>Local: Sala Nelson Pereira dos Santos<\/p>\n\n\n\n<p><\/p>\n\n\n\n<p>16h<\/p>\n\n\n\n<p>Despacho Interno<\/p>\n","protected":false},"excerpt":{"rendered":"<p>11hCall Rodolfo Fiori 12h30Almo\u00e7o Sra. Fernanda SixelLocal: -Reserva Cultural (Bistr\u00f4) 14hCerim\u00f4nia de Apresenta\u00e7\u00e3o do Sistema de Avalia\u00e7\u00e3o e Gest\u00e3o da Informa\u00e7\u00e3o das pol\u00edticas p\u00fablicas de Niter\u00f3iLocal: Sala Nelson Pereira dos [&hellip;]<\/p>\n","protected":false},"author":20,"featured_media":0,"comment_status":"closed","ping_status":"closed","sticky":false,"template":"","format":"standard","meta":{"_et_pb_use_builder":"","_et_pb_old_content":"","_et_gb_content_width":"","_usar_header_alternativo":false,"footnotes":""},"categories":[394],"tags":[397,452],"class_list":["post-19651","post","type-post","status-publish","format-standard","hentry","category-agenda","tag-agenda-da-secretaria","tag-transparencia","et-doesnt-have-format-content","et_post_format-et-post-format-standard"],"_links":{"self":[{"href":"https:\/\/www.fazenda.niteroi.rj.gov.br\/site\/wp-json\/wp\/v2\/posts\/19651","targetHints":{"allow":["GET"]}}],"collection":[{"href":"https:\/\/www.fazenda.niteroi.rj.gov.br\/site\/wp-json\/wp\/v2\/posts"}],"about":[{"href":"https:\/\/www.fazenda.niteroi.rj.gov.br\/site\/wp-json\/wp\/v2\/types\/post"}],"author":[{"embeddable":true,"href":"https:\/\/www.fazenda.niteroi.rj.gov.br\/site\/wp-json\/wp\/v2\/users\/20"}],"replies":[{"embeddable":true,"href":"https:\/\/www.fazenda.niteroi.rj.gov.br\/site\/wp-json\/wp\/v2\/comments?post=19651"}],"version-history":[{"count":1,"href":"https:\/\/www.fazenda.niteroi.rj.gov.br\/site\/wp-json\/wp\/v2\/posts\/19651\/revisions"}],"predecessor-version":[{"id":19652,"href":"https:\/\/www.fazenda.niteroi.rj.gov.br\/site\/wp-json\/wp\/v2\/posts\/19651\/revisions\/19652"}],"wp:attachment":[{"href":"https:\/\/www.fazenda.niteroi.rj.gov.br\/site\/wp-json\/wp\/v2\/media?parent=19651"}],"wp:term":[{"taxonomy":"category","embeddable":true,"href":"https:\/\/www.fazenda.niteroi.rj.gov.br\/site\/wp-json\/wp\/v2\/categories?post=19651"},{"taxonomy":"post_tag","embeddable":true,"href":"https:\/\/www.fazenda.niteroi.rj.gov.br\/site\/wp-json\/wp\/v2\/tags?post=19651"}],"curies":[{"name":"wp","href":"https:\/\/api.w.org\/{rel}","templated":true}]}}