{"id":19732,"date":"2022-06-07T09:30:00","date_gmt":"2022-06-07T12:30:00","guid":{"rendered":"https:\/\/www.fazenda.niteroi.rj.gov.br\/site\/?p=19732"},"modified":"2022-06-06T18:39:41","modified_gmt":"2022-06-06T21:39:41","slug":"agenda-07-06-2022-terca-feira","status":"publish","type":"post","link":"https:\/\/www.fazenda.niteroi.rj.gov.br\/site\/agenda-07-06-2022-terca-feira\/","title":{"rendered":"Agenda 07\/06\/2022 Ter\u00e7a-Feira"},"content":{"rendered":"\n<p>10h<br>Ingl\u00eas<br>Videoconfer\u00eancia<\/p>\n\n\n\n<p>12h30<br>Despacho Interno<\/p>\n\n\n\n<p>14h<br>Agenda externa<\/p>\n\n\n\n<p>15h<br>Reuni\u00e3o Subsecret\u00e1rios<br>Local: SMF<\/p>\n\n\n\n<p>16h<br>Despacho com Subs. de Contabilidade Sra. Fernanda Rodrigues<\/p>\n\n\n\n<p>17h<br>Grava\u00e7\u00e3o abertura do curso de compliance<br>Cristiane Mara<br>Local: SMF<\/p>\n","protected":false},"excerpt":{"rendered":"<p>10hIngl\u00easVideoconfer\u00eancia 12h30Despacho Interno 14hAgenda externa 15hReuni\u00e3o Subsecret\u00e1riosLocal: SMF 16hDespacho com Subs. de Contabilidade Sra. Fernanda Rodrigues 17hGrava\u00e7\u00e3o abertura do curso de complianceCristiane MaraLocal: SMF<\/p>\n","protected":false},"author":20,"featured_media":0,"comment_status":"closed","ping_status":"closed","sticky":false,"template":"","format":"standard","meta":{"_et_pb_use_builder":"","_et_pb_old_content":"","_et_gb_content_width":"","_usar_header_alternativo":false,"footnotes":""},"categories":[394],"tags":[397,452],"class_list":["post-19732","post","type-post","status-publish","format-standard","hentry","category-agenda","tag-agenda-da-secretaria","tag-transparencia","et-doesnt-have-format-content","et_post_format-et-post-format-standard"],"_links":{"self":[{"href":"https:\/\/www.fazenda.niteroi.rj.gov.br\/site\/wp-json\/wp\/v2\/posts\/19732","targetHints":{"allow":["GET"]}}],"collection":[{"href":"https:\/\/www.fazenda.niteroi.rj.gov.br\/site\/wp-json\/wp\/v2\/posts"}],"about":[{"href":"https:\/\/www.fazenda.niteroi.rj.gov.br\/site\/wp-json\/wp\/v2\/types\/post"}],"author":[{"embeddable":true,"href":"https:\/\/www.fazenda.niteroi.rj.gov.br\/site\/wp-json\/wp\/v2\/users\/20"}],"replies":[{"embeddable":true,"href":"https:\/\/www.fazenda.niteroi.rj.gov.br\/site\/wp-json\/wp\/v2\/comments?post=19732"}],"version-history":[{"count":1,"href":"https:\/\/www.fazenda.niteroi.rj.gov.br\/site\/wp-json\/wp\/v2\/posts\/19732\/revisions"}],"predecessor-version":[{"id":19733,"href":"https:\/\/www.fazenda.niteroi.rj.gov.br\/site\/wp-json\/wp\/v2\/posts\/19732\/revisions\/19733"}],"wp:attachment":[{"href":"https:\/\/www.fazenda.niteroi.rj.gov.br\/site\/wp-json\/wp\/v2\/media?parent=19732"}],"wp:term":[{"taxonomy":"category","embeddable":true,"href":"https:\/\/www.fazenda.niteroi.rj.gov.br\/site\/wp-json\/wp\/v2\/categories?post=19732"},{"taxonomy":"post_tag","embeddable":true,"href":"https:\/\/www.fazenda.niteroi.rj.gov.br\/site\/wp-json\/wp\/v2\/tags?post=19732"}],"curies":[{"name":"wp","href":"https:\/\/api.w.org\/{rel}","templated":true}]}}