{"id":19787,"date":"2022-06-14T09:00:17","date_gmt":"2022-06-14T12:00:17","guid":{"rendered":"https:\/\/www.fazenda.niteroi.rj.gov.br\/site\/?p=19787"},"modified":"2022-06-14T09:00:30","modified_gmt":"2022-06-14T12:00:30","slug":"pauta-de-julgamento-para-o-dia-15-de-junho-de-2022-2","status":"publish","type":"post","link":"https:\/\/www.fazenda.niteroi.rj.gov.br\/site\/pauta-de-julgamento-para-o-dia-15-de-junho-de-2022-2\/","title":{"rendered":"PAUTA DE JULGAMENTO PARA O DIA 15 DE JUNHO DE 2022"},"content":{"rendered":"\n<p><strong>PREFEITURA MUNICIPAL DE NIEROI<\/strong><\/p>\n\n\n\n<p><strong>&nbsp;&nbsp;&nbsp;&nbsp;&nbsp;&nbsp;&nbsp;&nbsp;&nbsp;&nbsp;&nbsp;&nbsp;&nbsp;&nbsp;&nbsp;&nbsp;&nbsp;&nbsp;&nbsp;&nbsp;&nbsp;&nbsp;&nbsp;&nbsp;&nbsp;&nbsp;&nbsp;&nbsp;&nbsp;&nbsp;&nbsp; <u>SECRETARIA MUNICIPAL DE FAZENDA<\/u><\/strong><\/p>\n\n\n\n<p><strong><u>CONSELHO DE CONTRIBUINTES DO MUNIC\u00cdPIO DE NITER\u00d3I &#8211; FCCN<\/u><\/strong><\/p>\n\n\n\n<p><strong>REUNI\u00c3O VIRTUAL PARA JULGAMENTO DE RECURSOS, A SER REALIZADA NO DIA 15 DE JUNHO DE 2022, COM IN\u00cdCIO AS 10:00 HORAS.<\/strong><\/p>\n\n\n\n<p><strong><u>Pauta de julgamento &#8211; Sess\u00e3o Virtual<\/u><\/strong><\/p>\n\n\n\n<p><strong>(Art. 15, parag. 3\u00b0, da Lei 2.228\/2005, Art. 76 do Decreto 9.735\/2005 e art. 4\u00ba da Resolu\u00e7\u00e3o n\u00ba 01\/2020 do Conselho de Contribuintes do Munic\u00edpio de Niter\u00f3i)<\/strong><\/p>\n\n\n\n<p><strong><u>1.347\u00aa Sess\u00e3o Ordin\u00e1ria:<\/u><\/strong><\/p>\n\n\n\n<p><strong>PROCESSO: &#8211; 030\/010.674\/2017 (ESPELHO 030\/011.107\/2021)<\/strong><\/p>\n\n\n\n<p><strong>&nbsp;&nbsp;&nbsp; &nbsp;&nbsp;&nbsp;&nbsp;&nbsp;&nbsp;&nbsp;&nbsp;&nbsp;&nbsp;RECORRENTE: &#8211; DALTRO MOREIRA DE SOUZA E ZULEICA ROCHA DE SOUZA<\/strong><\/p>\n\n\n\n<p><strong>&nbsp;&nbsp;&nbsp;&nbsp;&nbsp;&nbsp;&nbsp;&nbsp;&nbsp;&nbsp;&nbsp;&nbsp;&nbsp; RECORRIDO: &#8211; SECRETARIA MUNICIPAL DE FAZENDA<\/strong><\/p>\n\n\n\n<p><strong>&nbsp;&nbsp;&nbsp;&nbsp;&nbsp;&nbsp;&nbsp;&nbsp;&nbsp;&nbsp;&nbsp;&nbsp;&nbsp; REP. DA FAZENDA: &#8211; RAFAEL HENZE<\/strong><\/p>\n\n\n\n<p><strong>\u00a0\u00a0\u00a0\u00a0\u00a0\u00a0\u00a0\u00a0\u00a0 \u00a0\u00a0\u00a0\u00a0RELATOR: PAULINO GON\u00c7ALVES MOREIRA LEITE FILHO<\/strong><\/p>\n\n\n\n<p><strong>PROCESSO: 030\/030.542\/2017 \u2013 (ESPELHO 030\/015.504\/2021)<\/strong><\/p>\n\n\n\n<p><strong>&nbsp;&nbsp;&nbsp;&nbsp;&nbsp;&nbsp;&nbsp;&nbsp;&nbsp;&nbsp;&nbsp;&nbsp;&nbsp; RECORRENTE: &#8211; TWG CONSULTORIA E PROJETOS GEOL\u00d3GICOS LTDA<\/strong><\/p>\n\n\n\n<p><strong>&nbsp;&nbsp;&nbsp;&nbsp;&nbsp;&nbsp;&nbsp;&nbsp;&nbsp;&nbsp;&nbsp;&nbsp;&nbsp; RECORRIDO: &#8211; SECRETARIA MUNICIPAL DE FAZENDA<\/strong><\/p>\n\n\n\n<p><strong>&nbsp;&nbsp;&nbsp;&nbsp;&nbsp;&nbsp;&nbsp;&nbsp;&nbsp;&nbsp;&nbsp;&nbsp;&nbsp; REP. DA FAZENDA: &#8211; RAFAEL HENZE PIMENTEL<\/strong><\/p>\n\n\n\n<p><strong>&nbsp;&nbsp;&nbsp;&nbsp;&nbsp;&nbsp;&nbsp;&nbsp;&nbsp;&nbsp; &nbsp;&nbsp;&nbsp;RELATOR: M\u00c1RCIO MATEUS DE MACEDO<\/strong><\/p>\n\n\n\n<p><strong>&nbsp; Conselho de Contribuintes em 13 de junho de 2022<\/strong><\/p>\n\n\n\n<p><strong>&nbsp;&nbsp;&nbsp;&nbsp;&nbsp; &nbsp;&nbsp;Nilceia Duarte \u2013 Secret\u00e1ria &nbsp;&nbsp;&nbsp;&nbsp;&nbsp;&nbsp;&nbsp;&nbsp;&nbsp;&nbsp;&nbsp;&nbsp;&nbsp;&nbsp;&nbsp;&nbsp;&nbsp;&nbsp;&nbsp;<\/strong><\/p>\n","protected":false},"excerpt":{"rendered":"<p>PREFEITURA MUNICIPAL DE NIEROI &nbsp;&nbsp;&nbsp;&nbsp;&nbsp;&nbsp;&nbsp;&nbsp;&nbsp;&nbsp;&nbsp;&nbsp;&nbsp;&nbsp;&nbsp;&nbsp;&nbsp;&nbsp;&nbsp;&nbsp;&nbsp;&nbsp;&nbsp;&nbsp;&nbsp;&nbsp;&nbsp;&nbsp;&nbsp;&nbsp;&nbsp; SECRETARIA MUNICIPAL DE FAZENDA CONSELHO DE CONTRIBUINTES DO MUNIC\u00cdPIO DE NITER\u00d3I &#8211; FCCN REUNI\u00c3O VIRTUAL PARA JULGAMENTO DE RECURSOS, A SER REALIZADA NO DIA 15 [&hellip;]<\/p>\n","protected":false},"author":4,"featured_media":0,"comment_status":"closed","ping_status":"closed","sticky":false,"template":"","format":"standard","meta":{"_et_pb_use_builder":"","_et_pb_old_content":"","_et_gb_content_width":"","_usar_header_alternativo":false,"footnotes":""},"categories":[126,132],"tags":[],"class_list":["post-19787","post","type-post","status-publish","format-standard","hentry","category-ccn","category-pautas","et-doesnt-have-format-content","et_post_format-et-post-format-standard"],"_links":{"self":[{"href":"https:\/\/www.fazenda.niteroi.rj.gov.br\/site\/wp-json\/wp\/v2\/posts\/19787","targetHints":{"allow":["GET"]}}],"collection":[{"href":"https:\/\/www.fazenda.niteroi.rj.gov.br\/site\/wp-json\/wp\/v2\/posts"}],"about":[{"href":"https:\/\/www.fazenda.niteroi.rj.gov.br\/site\/wp-json\/wp\/v2\/types\/post"}],"author":[{"embeddable":true,"href":"https:\/\/www.fazenda.niteroi.rj.gov.br\/site\/wp-json\/wp\/v2\/users\/4"}],"replies":[{"embeddable":true,"href":"https:\/\/www.fazenda.niteroi.rj.gov.br\/site\/wp-json\/wp\/v2\/comments?post=19787"}],"version-history":[{"count":1,"href":"https:\/\/www.fazenda.niteroi.rj.gov.br\/site\/wp-json\/wp\/v2\/posts\/19787\/revisions"}],"predecessor-version":[{"id":19788,"href":"https:\/\/www.fazenda.niteroi.rj.gov.br\/site\/wp-json\/wp\/v2\/posts\/19787\/revisions\/19788"}],"wp:attachment":[{"href":"https:\/\/www.fazenda.niteroi.rj.gov.br\/site\/wp-json\/wp\/v2\/media?parent=19787"}],"wp:term":[{"taxonomy":"category","embeddable":true,"href":"https:\/\/www.fazenda.niteroi.rj.gov.br\/site\/wp-json\/wp\/v2\/categories?post=19787"},{"taxonomy":"post_tag","embeddable":true,"href":"https:\/\/www.fazenda.niteroi.rj.gov.br\/site\/wp-json\/wp\/v2\/tags?post=19787"}],"curies":[{"name":"wp","href":"https:\/\/api.w.org\/{rel}","templated":true}]}}