{"id":19857,"date":"2022-06-28T17:19:59","date_gmt":"2022-06-28T20:19:59","guid":{"rendered":"https:\/\/www.fazenda.niteroi.rj.gov.br\/site\/?p=19857"},"modified":"2022-06-28T17:20:07","modified_gmt":"2022-06-28T20:20:07","slug":"niteroi-sedia-primeiro-seminario-do-forum-de-fundos-soberanos-de-royalties-do-petroleo","status":"publish","type":"post","link":"https:\/\/www.fazenda.niteroi.rj.gov.br\/site\/niteroi-sedia-primeiro-seminario-do-forum-de-fundos-soberanos-de-royalties-do-petroleo\/","title":{"rendered":"Niter\u00f3i sedia primeiro semin\u00e1rio do F\u00f3rum de fundos soberanos de royalties do petr\u00f3leo"},"content":{"rendered":"\n<h3 class=\"wp-block-heading\"><em>F\u00f3rum \u00e9 iniciativa pioneira do munic\u00edpio em conjunto com Maric\u00e1, Ilhabela e o estado do Esp\u00edrito Santo<\/em><\/h3>\n\n\n\n<p>A cidade de Niter\u00f3i foi sede, nesta quinta-feira (23), do primeiro Semin\u00e1rio do F\u00f3rum dos Fundos Soberanos Brasileiros, no audit\u00f3rio do Caminho Niemeyer. O F\u00f3rum \u00e9 uma colabora\u00e7\u00e3o entre quatro fundos de royalties do petr\u00f3leo pertencentes a Niter\u00f3i, Maric\u00e1, Ilhabela (SP) e ao estado do Esp\u00edrito Santo, com a parceria do Jain Family Institute (JFI) \u2013 organiza\u00e7\u00e3o de pesquisa sem fins lucrativos com sede em Nova York \u2013 e da Universidade Federal Fluminense (UFF). Os tr\u00eas munic\u00edpios e o Esp\u00edrito Santo foram contemplados com recursos oriundos da produ\u00e7\u00e3o de petr\u00f3leo na camada pr\u00e9-sal da Bacia de Santos, e criaram fundos soberanos para utilizar os royalties no desenvolvimento econ\u00f4mico sustent\u00e1vel.<\/p>\n\n\n\n<p>Em v\u00eddeo, o prefeito de Niter\u00f3i, Axel Grael, destacou a relev\u00e2ncia do semin\u00e1rio e dos fundos soberanos. \u201c\u00c9 um encontro importante sobre um tema muito relevante da administra\u00e7\u00e3o p\u00fablica. O F\u00f3rum \u00e9 uma iniciativa inovadora dos munic\u00edpios de Niter\u00f3i, Maric\u00e1, Ilhabela e do estado do Esp\u00edrito Santo para que a gente possa aproveitar oportunidades no presente e pensar no futuro das nossas cidades e do nosso estado. \u00c9 muito importante pensar formas de se avan\u00e7ar e de se regulamentar essas iniciativas e fazer com que isso esteja mais presente na administra\u00e7\u00e3o p\u00fablica brasileira\u201d, afirmou Axel.<\/p>\n\n\n\n<p>A secret\u00e1ria municipal de Fazenda de Niter\u00f3i, Mar\u00edlia Ortiz, enfatizou que os fundos soberanos s\u00e3o muito recentes e que eles devem ser pensados como oportunidades para a elabora\u00e7\u00e3o de pol\u00edticas p\u00fablicas estruturantes.<\/p>\n\n\n\n<p>\u201cEste evento \u00e9 muito importante. Ele faz parte de um novo cap\u00edtulo na hist\u00f3ria do pa\u00eds. Munic\u00edpios e o estado do Esp\u00edrito Santo, que est\u00e3o recebendo um grande volume de royalties do petr\u00f3leo, est\u00e3o se estruturando para fazer uma reserva de parte destes recursos para garantir a compensa\u00e7\u00e3o intergeracional. O petr\u00f3leo \u00e9 finito e a gente precisa fazer uma boa gest\u00e3o destes recursos e pensar em estrat\u00e9gias para a utiliza\u00e7\u00e3o dos royalties em pol\u00edticas p\u00fablicas estruturantes para garantir qualidade de vida e desenvolvimento. No F\u00f3rum, estamos levantando uma s\u00e9rie de boas pr\u00e1ticas de governan\u00e7a. Estamos desbravando este caminho juntos. Os fundos soberanos s\u00e3o muito novos. Acredito que o F\u00f3rum est\u00e1 preenchendo essa lacuna de arcabou\u00e7o normativo\u201d, explicou Mar\u00edlia Ortiz.<\/p>\n\n\n\n<p>O semin\u00e1rio realizado nesta quinta-feira (23) teve como foco a institucionaliza\u00e7\u00e3o dos fundos soberanos brasileiros. O F\u00f3rum busca promover o crescimento dos fundos, criando um espa\u00e7o para o interc\u00e2mbio de ideias e boas pr\u00e1ticas. A cria\u00e7\u00e3o do F\u00f3rum foi resultado da colabora\u00e7\u00e3o cont\u00ednua entre a Secretaria Municipal de Fazenda de Niter\u00f3i (SMF), o Jain Family e a UFF para apoiar a governan\u00e7a dos fundos de royalties brasileiros.<\/p>\n\n\n\n<p>No semin\u00e1rio, o subsecret\u00e1rio de Finan\u00e7as da SMF, Heitor Moreira, apresentou a experi\u00eancia do fundo soberano de Niter\u00f3i, o FER (Fundo de Equaliza\u00e7\u00e3o da Receita). Representantes de Maric\u00e1, Ilhabela e do estado do Esp\u00edrito Santo fizeram exposi\u00e7\u00f5es sobre os respectivos fundos.<\/p>\n\n\n\n<p>O subsecret\u00e1rio de Gest\u00e3o de Maric\u00e1, Marcus Moura, destacou a import\u00e2ncia de se construir uma poupan\u00e7a s\u00f3lida para as gera\u00e7\u00f5es futuras.<\/p>\n\n\n\n<p>\u201cO objetivo do fundo soberano \u00e9 estimular a autonomia financeira municipal para garantir o andamento de pol\u00edticas p\u00fablicas sociais estruturantes\u201d, afirmou Marcus Moura.<\/p>\n\n\n\n<p>O subgerente de Gest\u00e3o do Esp\u00edrito Santo, Alexandre Gebara, afirmou que o fundo capixaba tem duas vertentes.<\/p>\n\n\n\n<p>\u201cA primeira \u00e9 gerar mecanismos de poupan\u00e7a intergeracional, e a segunda \u00e9 promover o desenvolvimento econ\u00f4mico sustent\u00e1vel do estado\u201d, disse Alexandre Gebara.<\/p>\n\n\n\n<p>O secret\u00e1rio adjunto de Gest\u00e3o Financeira de Ilhabela, Fernando Cresio, enfatizou que o fundo soberano traz uma vis\u00e3o de futuro.<\/p>\n\n\n\n<p>\u201cUtilizamos os royalties em saneamento b\u00e1sico, concess\u00e3o de bolsas educacionais, constru\u00e7\u00e3o de escolas, obras p\u00fablicas e em v\u00e1rias outras pol\u00edticas p\u00fablicas. Mas precisamos garantir recursos para as pr\u00f3ximas gera\u00e7\u00f5es\u201d, concluiu Fernando Cresio.&nbsp;&nbsp;<\/p>\n","protected":false},"excerpt":{"rendered":"<p>F\u00f3rum \u00e9 iniciativa pioneira do munic\u00edpio em conjunto com Maric\u00e1, Ilhabela e o estado do Esp\u00edrito Santo A cidade de Niter\u00f3i foi sede, nesta quinta-feira (23), do primeiro Semin\u00e1rio do [&hellip;]<\/p>\n","protected":false},"author":18,"featured_media":19858,"comment_status":"closed","ping_status":"closed","sticky":false,"template":"","format":"standard","meta":{"_et_pb_use_builder":"","_et_pb_old_content":"","_et_gb_content_width":"","_usar_header_alternativo":false,"footnotes":""},"categories":[10],"tags":[436,382,381,438],"class_list":["post-19857","post","type-post","status-publish","format-standard","has-post-thumbnail","hentry","category-noticias","tag-a-poupanca-dos-royalties-do-petroleo","tag-fer","tag-fundo-de-equalizacao-de-receitas","tag-poupanca-dos-royalties","et-has-post-format-content","et_post_format-et-post-format-standard"],"_links":{"self":[{"href":"https:\/\/www.fazenda.niteroi.rj.gov.br\/site\/wp-json\/wp\/v2\/posts\/19857","targetHints":{"allow":["GET"]}}],"collection":[{"href":"https:\/\/www.fazenda.niteroi.rj.gov.br\/site\/wp-json\/wp\/v2\/posts"}],"about":[{"href":"https:\/\/www.fazenda.niteroi.rj.gov.br\/site\/wp-json\/wp\/v2\/types\/post"}],"author":[{"embeddable":true,"href":"https:\/\/www.fazenda.niteroi.rj.gov.br\/site\/wp-json\/wp\/v2\/users\/18"}],"replies":[{"embeddable":true,"href":"https:\/\/www.fazenda.niteroi.rj.gov.br\/site\/wp-json\/wp\/v2\/comments?post=19857"}],"version-history":[{"count":1,"href":"https:\/\/www.fazenda.niteroi.rj.gov.br\/site\/wp-json\/wp\/v2\/posts\/19857\/revisions"}],"predecessor-version":[{"id":19859,"href":"https:\/\/www.fazenda.niteroi.rj.gov.br\/site\/wp-json\/wp\/v2\/posts\/19857\/revisions\/19859"}],"wp:featuredmedia":[{"embeddable":true,"href":"https:\/\/www.fazenda.niteroi.rj.gov.br\/site\/wp-json\/wp\/v2\/media\/19858"}],"wp:attachment":[{"href":"https:\/\/www.fazenda.niteroi.rj.gov.br\/site\/wp-json\/wp\/v2\/media?parent=19857"}],"wp:term":[{"taxonomy":"category","embeddable":true,"href":"https:\/\/www.fazenda.niteroi.rj.gov.br\/site\/wp-json\/wp\/v2\/categories?post=19857"},{"taxonomy":"post_tag","embeddable":true,"href":"https:\/\/www.fazenda.niteroi.rj.gov.br\/site\/wp-json\/wp\/v2\/tags?post=19857"}],"curies":[{"name":"wp","href":"https:\/\/api.w.org\/{rel}","templated":true}]}}