{"id":19996,"date":"2022-07-19T18:39:00","date_gmt":"2022-07-19T21:39:00","guid":{"rendered":"https:\/\/www.fazenda.niteroi.rj.gov.br\/site\/?p=19996"},"modified":"2022-07-18T18:42:02","modified_gmt":"2022-07-18T21:42:02","slug":"agenda-19-07-2022-terca-feira","status":"publish","type":"post","link":"https:\/\/www.fazenda.niteroi.rj.gov.br\/site\/agenda-19-07-2022-terca-feira\/","title":{"rendered":"Agenda 19\/07\/2022 Ter\u00e7a-Feira"},"content":{"rendered":"\n<p>10h30<\/p>\n\n\n\n<p>Despacho Interno Subsecret\u00e1rio de Receita<\/p>\n\n\n\n<p>12h<\/p>\n\n\n\n<p>Despacho Interno<\/p>\n\n\n\n<p>13h30<\/p>\n\n\n\n<p>Reuni\u00e3o com a FIOCRUZ, Dr. J\u00falio C\u00e9sar Carvalho Bandeira de Mello \u2013 Psic\u00f3logo, Dr. Tito Jorge Gon\u00e7alves de Canha Psic\u00f3logo \u2013 Psic\u00f3logo, Fernanda Pereira Baptista de Bergamini &#8211; Coordenadora de Servi\u00e7o do Ambulat\u00f3rio do CESTEH , Diretora de Planejamento Sra. Dandara Xavier, Analista de Pol\u00edticas P\u00fablicas Sr. Luiz Ot\u00e1vio, Diretora Isabela Caldas.<\/p>\n\n\n\n<p>PAUTA: Projeto sa\u00fade laboral<\/p>\n\n\n\n<p>Local: SMF<\/p>\n\n\n\n<p>15h<\/p>\n\n\n\n<p>Reuni\u00e3o com o Sr. Claudio Acyoli, Barandier, Beto da Pipa, Rafael Robertson, Luciano Paes, Katherine<\/p>\n\n\n\n<p>Local: SMF<\/p>\n\n\n\n<p>16h30<\/p>\n\n\n\n<p>Despacho procurador Sr. Guilherme Hombeeck, Subs de Finan\u00e7as Sr. Heitor Moreira<\/p>\n","protected":false},"excerpt":{"rendered":"<p>10h30 Despacho Interno Subsecret\u00e1rio de Receita 12h Despacho Interno 13h30 Reuni\u00e3o com a FIOCRUZ, Dr. J\u00falio C\u00e9sar Carvalho Bandeira de Mello \u2013 Psic\u00f3logo, Dr. Tito Jorge Gon\u00e7alves de Canha Psic\u00f3logo [&hellip;]<\/p>\n","protected":false},"author":20,"featured_media":0,"comment_status":"closed","ping_status":"closed","sticky":false,"template":"","format":"standard","meta":{"_et_pb_use_builder":"","_et_pb_old_content":"","_et_gb_content_width":"","_usar_header_alternativo":false,"footnotes":""},"categories":[394],"tags":[397,452],"class_list":["post-19996","post","type-post","status-publish","format-standard","hentry","category-agenda","tag-agenda-da-secretaria","tag-transparencia","et-doesnt-have-format-content","et_post_format-et-post-format-standard"],"_links":{"self":[{"href":"https:\/\/www.fazenda.niteroi.rj.gov.br\/site\/wp-json\/wp\/v2\/posts\/19996","targetHints":{"allow":["GET"]}}],"collection":[{"href":"https:\/\/www.fazenda.niteroi.rj.gov.br\/site\/wp-json\/wp\/v2\/posts"}],"about":[{"href":"https:\/\/www.fazenda.niteroi.rj.gov.br\/site\/wp-json\/wp\/v2\/types\/post"}],"author":[{"embeddable":true,"href":"https:\/\/www.fazenda.niteroi.rj.gov.br\/site\/wp-json\/wp\/v2\/users\/20"}],"replies":[{"embeddable":true,"href":"https:\/\/www.fazenda.niteroi.rj.gov.br\/site\/wp-json\/wp\/v2\/comments?post=19996"}],"version-history":[{"count":1,"href":"https:\/\/www.fazenda.niteroi.rj.gov.br\/site\/wp-json\/wp\/v2\/posts\/19996\/revisions"}],"predecessor-version":[{"id":19997,"href":"https:\/\/www.fazenda.niteroi.rj.gov.br\/site\/wp-json\/wp\/v2\/posts\/19996\/revisions\/19997"}],"wp:attachment":[{"href":"https:\/\/www.fazenda.niteroi.rj.gov.br\/site\/wp-json\/wp\/v2\/media?parent=19996"}],"wp:term":[{"taxonomy":"category","embeddable":true,"href":"https:\/\/www.fazenda.niteroi.rj.gov.br\/site\/wp-json\/wp\/v2\/categories?post=19996"},{"taxonomy":"post_tag","embeddable":true,"href":"https:\/\/www.fazenda.niteroi.rj.gov.br\/site\/wp-json\/wp\/v2\/tags?post=19996"}],"curies":[{"name":"wp","href":"https:\/\/api.w.org\/{rel}","templated":true}]}}