{"id":20008,"date":"2022-07-20T08:00:00","date_gmt":"2022-07-20T11:00:00","guid":{"rendered":"https:\/\/www.fazenda.niteroi.rj.gov.br\/site\/?p=20008"},"modified":"2022-07-19T17:39:09","modified_gmt":"2022-07-19T20:39:09","slug":"agenda-20-07-2022-quarta-feira","status":"publish","type":"post","link":"https:\/\/www.fazenda.niteroi.rj.gov.br\/site\/agenda-20-07-2022-quarta-feira\/","title":{"rendered":"AGENDA 20.07.2022 QUARTA-FEIRA"},"content":{"rendered":"\n<p>10h30<br>Videoconfer\u00eancia com o Subsecret\u00e1rio de Receitas \u2013 Juan R. da Costa e assessores<br>PAUTA: Big Data<br><\/p>\n\n\n\n<p><\/p>\n\n\n\n<p>15h<br>Videoconfer\u00eancia com o Secret\u00e1rio de Administra\u00e7\u00e3o S\u00e3o Vicente &#8211; Yuri Camara, Secret\u00e1rio de Administra\u00e7\u00e3o de Niter\u00f3i \u2013 Luiz Vieira<br>Pauta: Banco de Talentos<\/p>\n","protected":false},"excerpt":{"rendered":"<p>10h30Videoconfer\u00eancia com o Subsecret\u00e1rio de Receitas \u2013 Juan R. da Costa e assessoresPAUTA: Big Data 15hVideoconfer\u00eancia com o Secret\u00e1rio de Administra\u00e7\u00e3o S\u00e3o Vicente &#8211; Yuri Camara, Secret\u00e1rio de Administra\u00e7\u00e3o de [&hellip;]<\/p>\n","protected":false},"author":18,"featured_media":12299,"comment_status":"closed","ping_status":"closed","sticky":false,"template":"","format":"standard","meta":{"_et_pb_use_builder":"","_et_pb_old_content":"","_et_gb_content_width":"","_usar_header_alternativo":false,"footnotes":""},"categories":[394],"tags":[],"class_list":["post-20008","post","type-post","status-publish","format-standard","has-post-thumbnail","hentry","category-agenda","et-has-post-format-content","et_post_format-et-post-format-standard"],"_links":{"self":[{"href":"https:\/\/www.fazenda.niteroi.rj.gov.br\/site\/wp-json\/wp\/v2\/posts\/20008","targetHints":{"allow":["GET"]}}],"collection":[{"href":"https:\/\/www.fazenda.niteroi.rj.gov.br\/site\/wp-json\/wp\/v2\/posts"}],"about":[{"href":"https:\/\/www.fazenda.niteroi.rj.gov.br\/site\/wp-json\/wp\/v2\/types\/post"}],"author":[{"embeddable":true,"href":"https:\/\/www.fazenda.niteroi.rj.gov.br\/site\/wp-json\/wp\/v2\/users\/18"}],"replies":[{"embeddable":true,"href":"https:\/\/www.fazenda.niteroi.rj.gov.br\/site\/wp-json\/wp\/v2\/comments?post=20008"}],"version-history":[{"count":1,"href":"https:\/\/www.fazenda.niteroi.rj.gov.br\/site\/wp-json\/wp\/v2\/posts\/20008\/revisions"}],"predecessor-version":[{"id":20009,"href":"https:\/\/www.fazenda.niteroi.rj.gov.br\/site\/wp-json\/wp\/v2\/posts\/20008\/revisions\/20009"}],"wp:featuredmedia":[{"embeddable":true,"href":"https:\/\/www.fazenda.niteroi.rj.gov.br\/site\/wp-json\/wp\/v2\/media\/12299"}],"wp:attachment":[{"href":"https:\/\/www.fazenda.niteroi.rj.gov.br\/site\/wp-json\/wp\/v2\/media?parent=20008"}],"wp:term":[{"taxonomy":"category","embeddable":true,"href":"https:\/\/www.fazenda.niteroi.rj.gov.br\/site\/wp-json\/wp\/v2\/categories?post=20008"},{"taxonomy":"post_tag","embeddable":true,"href":"https:\/\/www.fazenda.niteroi.rj.gov.br\/site\/wp-json\/wp\/v2\/tags?post=20008"}],"curies":[{"name":"wp","href":"https:\/\/api.w.org\/{rel}","templated":true}]}}