{"id":20033,"date":"2022-07-28T10:51:00","date_gmt":"2022-07-28T13:51:00","guid":{"rendered":"https:\/\/www.fazenda.niteroi.rj.gov.br\/site\/?p=20033"},"modified":"2022-08-01T10:54:30","modified_gmt":"2022-08-01T13:54:30","slug":"agenda-28-07-2022-quinta-feira","status":"publish","type":"post","link":"https:\/\/www.fazenda.niteroi.rj.gov.br\/site\/agenda-28-07-2022-quinta-feira\/","title":{"rendered":"AGENDA 28.07.2022 QUINTA-FEIRA"},"content":{"rendered":"\n<p><\/p>\n\n\n\n<p>10h<br>PMN &#8211; ASSINATURA DO CONV\u00caNIO DE ARRECADA\u00c7\u00c3O<br>Local: Av. Oscar Niemeyer, 2000 &#8211; 7\u00b0 andar &#8211; Santo Cristo, R\/J &#8211; Aqua Corporate<\/p>\n\n\n\n<p><\/p>\n\n\n\n<p>15h<br>CPFGF <\/p>\n\n\n\n<p>18h<br>Despachos Internos<\/p>\n","protected":false},"excerpt":{"rendered":"<p>10hPMN &#8211; ASSINATURA DO CONV\u00caNIO DE ARRECADA\u00c7\u00c3OLocal: Av. Oscar Niemeyer, 2000 &#8211; 7\u00b0 andar &#8211; Santo Cristo, R\/J &#8211; Aqua Corporate 15hCPFGF 18hDespachos Internos<\/p>\n","protected":false},"author":18,"featured_media":0,"comment_status":"closed","ping_status":"closed","sticky":false,"template":"","format":"standard","meta":{"_et_pb_use_builder":"","_et_pb_old_content":"","_et_gb_content_width":"","_usar_header_alternativo":false,"footnotes":""},"categories":[116],"tags":[],"class_list":["post-20033","post","type-post","status-publish","format-standard","hentry","category-rascunhos","et-doesnt-have-format-content","et_post_format-et-post-format-standard"],"_links":{"self":[{"href":"https:\/\/www.fazenda.niteroi.rj.gov.br\/site\/wp-json\/wp\/v2\/posts\/20033","targetHints":{"allow":["GET"]}}],"collection":[{"href":"https:\/\/www.fazenda.niteroi.rj.gov.br\/site\/wp-json\/wp\/v2\/posts"}],"about":[{"href":"https:\/\/www.fazenda.niteroi.rj.gov.br\/site\/wp-json\/wp\/v2\/types\/post"}],"author":[{"embeddable":true,"href":"https:\/\/www.fazenda.niteroi.rj.gov.br\/site\/wp-json\/wp\/v2\/users\/18"}],"replies":[{"embeddable":true,"href":"https:\/\/www.fazenda.niteroi.rj.gov.br\/site\/wp-json\/wp\/v2\/comments?post=20033"}],"version-history":[{"count":1,"href":"https:\/\/www.fazenda.niteroi.rj.gov.br\/site\/wp-json\/wp\/v2\/posts\/20033\/revisions"}],"predecessor-version":[{"id":20034,"href":"https:\/\/www.fazenda.niteroi.rj.gov.br\/site\/wp-json\/wp\/v2\/posts\/20033\/revisions\/20034"}],"wp:attachment":[{"href":"https:\/\/www.fazenda.niteroi.rj.gov.br\/site\/wp-json\/wp\/v2\/media?parent=20033"}],"wp:term":[{"taxonomy":"category","embeddable":true,"href":"https:\/\/www.fazenda.niteroi.rj.gov.br\/site\/wp-json\/wp\/v2\/categories?post=20033"},{"taxonomy":"post_tag","embeddable":true,"href":"https:\/\/www.fazenda.niteroi.rj.gov.br\/site\/wp-json\/wp\/v2\/tags?post=20033"}],"curies":[{"name":"wp","href":"https:\/\/api.w.org\/{rel}","templated":true}]}}