{"id":20065,"date":"2022-08-04T14:06:48","date_gmt":"2022-08-04T17:06:48","guid":{"rendered":"https:\/\/www.fazenda.niteroi.rj.gov.br\/site\/?p=20065"},"modified":"2022-08-04T14:16:41","modified_gmt":"2022-08-04T17:16:41","slug":"planejamento-e-fazenda-representam-prefeitura-de-niteroi-na-semana-de-inovacao-2022","status":"publish","type":"post","link":"https:\/\/www.fazenda.niteroi.rj.gov.br\/site\/planejamento-e-fazenda-representam-prefeitura-de-niteroi-na-semana-de-inovacao-2022\/","title":{"rendered":"Planejamento e Fazenda representam Prefeitura de Niter\u00f3i na Semana de Inova\u00e7\u00e3o 2022"},"content":{"rendered":"\n<h3 class=\"wp-block-heading\"><em>Em tr\u00eas dias, evento debate iniciativas para melhorar a gest\u00e3o p\u00fablica no pa\u00eds<\/em><\/h3>\n\n\n\n<p>&nbsp;A Prefeitura de Niter\u00f3i vai participar ativamente da Semana de Inova\u00e7\u00e3o 2022, entre os dias 8 e 10 de agosto, que tem o objetivo de reunir especialistas para promover debates e trocas de experi\u00eancias sobre iniciativas de uso de tecnologias, metodologias e processos para melhorar o servi\u00e7o p\u00fablico brasileiro. A Prefeitura ser\u00e1 representada na oitava edi\u00e7\u00e3o do evento pela Secretaria Municipal de Planejamento, Or\u00e7amento e Moderniza\u00e7\u00e3o da Gest\u00e3o (Seplag) e pela Secretaria Municipal de Fazenda (SMF). Niter\u00f3i ser\u00e1 um dos munic\u00edpios do pa\u00eds com o maior n\u00famero de a\u00e7\u00f5es a serem mostradas no evento.<\/p>\n\n\n\n<p>Com o tema \u201c\u00c9 tempo de criar\u201d, a Semana de Inova\u00e7\u00e3o 2022 acontecer\u00e1 em formato h\u00edbrido, com programa\u00e7\u00e3o online e presencial em tr\u00eas cidades: Bras\u00edlia, Rio de Janeiro e Recife. O evento \u00e9 organizado pela Escola Nacional de Administra\u00e7\u00e3o P\u00fablica (Enap); o Tribunal de Contas da Uni\u00e3o (TCU); a Faculdade Latino-Americana de Ci\u00eancias Sociais (Flacso) e o Minist\u00e9rio da Economia.<\/p>\n\n\n\n<p>A Secretaria de Planejamento vai apresentar duas oficinas sobre linguagem simples e criatividade, al\u00e9m de quatro v\u00eddeos relativos a experi\u00eancias de Niter\u00f3i em inova\u00e7\u00e3o no setor p\u00fablico. A Secretaria de Fazenda vai apresentar seis v\u00eddeos com iniciativas e projetos bem sucedidos implementados na pasta.<\/p>\n\n\n\n<p>A secret\u00e1ria municipal de Planejamento, Ellen Benedetti, destacou que a presen\u00e7a marcante de Niter\u00f3i na Semana da Inova\u00e7\u00e3o revela que a cidade alcan\u00e7ou uma maturidade em seus servi\u00e7os e pol\u00edticas p\u00fablicas.<\/p>\n\n\n\n<p>\u201cTer nossos projetos selecionados dentre v\u00e1rios do pa\u00eds reflete essa maturidade e demonstra como a cidade \u00e9 refer\u00eancia em gest\u00e3o p\u00fablica. A Prefeitura tem um compromisso em buscar iniciativas inovadoras para melhorar a qualidade de vida da popula\u00e7\u00e3o, os servi\u00e7os oferecidos e o dia a dia do servidor p\u00fablico, investindo em transpar\u00eancia, agilidade e ferramentas de planejamento, avalia\u00e7\u00e3o e gest\u00e3o. Participar de eventos como esse \u00e9 fundamental para estarmos atualizados nas melhores pr\u00e1ticas\u201d, afirmou Ellen Benedetti.<\/p>\n\n\n\n<p>A secret\u00e1ria municipal de Fazenda, Mar\u00edlia Ortiz, enfatizou que inova\u00e7\u00e3o \u00e9 uma prioridade permanente da Prefeitura de Niter\u00f3i.<\/p>\n\n\n\n<p>&#8220;Estamos com um n\u00famero expressivo de projetos selecionados nesta edi\u00e7\u00e3o, o que reflete o profundo processo de inova\u00e7\u00e3o que estamos vivendo. Estamos investindo na digitaliza\u00e7\u00e3o dos nossos servi\u00e7os, na capacita\u00e7\u00e3o dos nossos servidores, utilizando ferramentas de cruzamento e an\u00e1lise de dados para promover um fisco cada vez mais eficiente&#8221;, pontuou Marilia Ortiz.<\/p>\n\n\n\n<p><strong>Planejamento&nbsp;<\/strong>&#8211; A equipe da Subsecretaria de Moderniza\u00e7\u00e3o da Seplag vai apresentar a Oficina \u201cLinguagem Simples: complicando para descomplicar\u201d. O objetivo \u00e9 instigar questionamentos sobre o porqu\u00ea de se complicar o linguajar de um servi\u00e7o que pode ser compreendido de maneira simples. A oficina est\u00e1 marcada para 9 de agosto (ter\u00e7a-feira), das 9h \u00e0s 11h, no Rio de Janeiro.<\/p>\n\n\n\n<p>J\u00e1 a equipe do Laborat\u00f3rio de Inova\u00e7\u00e3o de Niter\u00f3i (LabNit), vinculado \u00e0 Subsecretaria de Articula\u00e7\u00e3o Institucional e Gest\u00e3o do Conhecimento da Seplag, apresenta a oficina &#8220;E quando a criatividade acabar?&#8221;. Pensada para situa\u00e7\u00f5es de inflex\u00e3o, as ferramentas abordadas visam ajudar os servidores a sair do ponto de estagna\u00e7\u00e3o e avan\u00e7ar, mesmo em dias &#8220;n\u00e3o-criativos&#8221;. A oficina acontece em 10 de agosto (quarta-feira), das 9h \u00e0s 11h, em Bras\u00edlia.<\/p>\n\n\n\n<p>A Seplag ter\u00e1 ainda a exibi\u00e7\u00e3o de quatro v\u00eddeos. Um dos selecionados no eixo \u201cPol\u00edticas p\u00fablicas inovadoras e entrega de valor p\u00fablico\u201d \u00e9 \u201cSimagi Niter\u00f3i: o primeiro Sistema de Avalia\u00e7\u00e3o e Gest\u00e3o da Informa\u00e7\u00e3o de Pol\u00edticas P\u00fablicas municipal\u201d. O v\u00eddeo apresenta o sistema que vai institucionalizar a nova pol\u00edtica de avalia\u00e7\u00e3o dos programas e projetos p\u00fablicos do munic\u00edpio, al\u00e9m de organizar a gest\u00e3o de dados.<\/p>\n\n\n\n<p>Dois v\u00eddeos foram selecionados no eixo \u201cInova\u00e7\u00e3o na Pr\u00e1tica: gest\u00e3o e m\u00e9todos com impacto na vida das pessoas\u201d: \u201cFerramenta de Business Intelligence no acompanhamento do Plano de Metas da Prefeitura de Niter\u00f3i\u201d e \u201cPPA Participativo e na palma da m\u00e3o: o caso da Prefeitura de Niter\u00f3i\u201d, que tratam dos instrumentos de planejamento da cidade.<\/p>\n\n\n\n<p>J\u00e1 no eixo \u201cNovas tecnologias a servi\u00e7o da Transforma\u00e7\u00e3o Digital\u201d, o v\u00eddeo selecionado foi \u201cO Portal do Planejamento: publicidade e transpar\u00eancia na Prefeitura de Niter\u00f3i\u201d, que apresenta a relev\u00e2ncia de um portal (<a href=\"http:\/\/portalplanejamento.niteroi.rj.gov.br\/\" target=\"_blank\" rel=\"noreferrer noopener\">portalplanejamento.niteroi.rj.gov.br\/<\/a>) para divulga\u00e7\u00e3o das estrat\u00e9gias de planejamento da cidade.<\/p>\n\n\n\n<p><strong>Fazenda<\/strong>&nbsp;\u2013 A SMF teve seis v\u00eddeos selecionados para participar da Semana de Inova\u00e7\u00e3o. No eixo \u201cNovas tecnologias a servi\u00e7o da Transforma\u00e7\u00e3o Digital\u201d, ser\u00e3o exibidos os v\u00eddeos \u201cSecretaria Municipal de Fazenda orientada para resultados\u201d; \u201cO futuro se constr\u00f3i agora: a experi\u00eancia do Fundo de Equaliza\u00e7\u00e3o da Receita de Niter\u00f3i\u201d; e \u201cArrecada\u00e7\u00e3o eficiente: a inova\u00e7\u00e3o de Niter\u00f3i na cobran\u00e7a do ITBI.<\/p>\n\n\n\n<p>No eixo \u201cInova\u00e7\u00e3o na Pr\u00e1tica: gest\u00e3o e m\u00e9todos com impacto na vida das pessoas\u201d, os v\u00eddeos da SMF selecionados s\u00e3o \u201cAtendimento ao cidad\u00e3o como prioridade de inova\u00e7\u00e3o: experi\u00eancia de Niter\u00f3i\u201d; e \u201cSecretaria de Fazenda de Niter\u00f3i em prol da Equidade Racial\u201d.<\/p>\n\n\n\n<p>J\u00e1 no eixo \u201cPol\u00edticas p\u00fablicas inovadoras e entrega de valor p\u00fablico\u201d, o v\u00eddeo a ser exibido ser\u00e1 \u201cEduca Fisco; facilitando a vida do cidad\u00e3o na Secretaria de Fazenda de Niter\u00f3i\u201d.<\/p>\n\n\n\n<p>Todos os v\u00eddeos ser\u00e3o disponibilizados no canal da Escola Nacional de Administra\u00e7\u00e3o P\u00fablica (Enap) no Youtube:&nbsp;<a href=\"http:\/\/youtube.com\/user\/CanalENAP\" target=\"_blank\" rel=\"noreferrer noopener\">youtube.com\/user\/CanalENAP<\/a>.&nbsp;&nbsp;<\/p>\n","protected":false},"excerpt":{"rendered":"<p>Em tr\u00eas dias, evento debate iniciativas para melhorar a gest\u00e3o p\u00fablica no pa\u00eds &nbsp;A Prefeitura de Niter\u00f3i vai participar ativamente da Semana de Inova\u00e7\u00e3o 2022, entre os dias 8 e [&hellip;]<\/p>\n","protected":false},"author":18,"featured_media":20066,"comment_status":"closed","ping_status":"closed","sticky":false,"template":"","format":"standard","meta":{"_et_pb_use_builder":"","_et_pb_old_content":"","_et_gb_content_width":"","_usar_header_alternativo":false,"footnotes":""},"categories":[10],"tags":[550,604],"class_list":["post-20065","post","type-post","status-publish","format-standard","has-post-thumbnail","hentry","category-noticias","tag-inovacao","tag-semana-de-inovacao-2022","et-has-post-format-content","et_post_format-et-post-format-standard"],"_links":{"self":[{"href":"https:\/\/www.fazenda.niteroi.rj.gov.br\/site\/wp-json\/wp\/v2\/posts\/20065","targetHints":{"allow":["GET"]}}],"collection":[{"href":"https:\/\/www.fazenda.niteroi.rj.gov.br\/site\/wp-json\/wp\/v2\/posts"}],"about":[{"href":"https:\/\/www.fazenda.niteroi.rj.gov.br\/site\/wp-json\/wp\/v2\/types\/post"}],"author":[{"embeddable":true,"href":"https:\/\/www.fazenda.niteroi.rj.gov.br\/site\/wp-json\/wp\/v2\/users\/18"}],"replies":[{"embeddable":true,"href":"https:\/\/www.fazenda.niteroi.rj.gov.br\/site\/wp-json\/wp\/v2\/comments?post=20065"}],"version-history":[{"count":1,"href":"https:\/\/www.fazenda.niteroi.rj.gov.br\/site\/wp-json\/wp\/v2\/posts\/20065\/revisions"}],"predecessor-version":[{"id":20067,"href":"https:\/\/www.fazenda.niteroi.rj.gov.br\/site\/wp-json\/wp\/v2\/posts\/20065\/revisions\/20067"}],"wp:featuredmedia":[{"embeddable":true,"href":"https:\/\/www.fazenda.niteroi.rj.gov.br\/site\/wp-json\/wp\/v2\/media\/20066"}],"wp:attachment":[{"href":"https:\/\/www.fazenda.niteroi.rj.gov.br\/site\/wp-json\/wp\/v2\/media?parent=20065"}],"wp:term":[{"taxonomy":"category","embeddable":true,"href":"https:\/\/www.fazenda.niteroi.rj.gov.br\/site\/wp-json\/wp\/v2\/categories?post=20065"},{"taxonomy":"post_tag","embeddable":true,"href":"https:\/\/www.fazenda.niteroi.rj.gov.br\/site\/wp-json\/wp\/v2\/tags?post=20065"}],"curies":[{"name":"wp","href":"https:\/\/api.w.org\/{rel}","templated":true}]}}