{"id":20076,"date":"2022-08-05T15:49:26","date_gmt":"2022-08-05T18:49:26","guid":{"rendered":"https:\/\/www.fazenda.niteroi.rj.gov.br\/site\/?p=20076"},"modified":"2022-08-05T15:51:42","modified_gmt":"2022-08-05T18:51:42","slug":"impostos-de-empresas-e-iptu-podem-ser-destinados-a-projetos-culturais-de-niteroi","status":"publish","type":"post","link":"https:\/\/www.fazenda.niteroi.rj.gov.br\/site\/impostos-de-empresas-e-iptu-podem-ser-destinados-a-projetos-culturais-de-niteroi\/","title":{"rendered":"Impostos de empresas e IPTU podem ser destinados a projetos culturais de Niter\u00f3i"},"content":{"rendered":"\n<h3 class=\"wp-block-heading\"><em>Prefeitura organiza encontro com setor empresarial sobre Lei de Incentivo \u00e0 Cultura<\/em><\/h3>\n\n\n\n<p>Com o objetivo de estimular a economia da cultura na cidade, a Prefeitura de Niter\u00f3i, por meio da Secretaria Municipal das Culturas, da Funda\u00e7\u00e3o de Arte e da Secretaria Municipal de Fazenda, lan\u00e7ou o Edital ISS\/IPTU 2022, que permite destinar at\u00e9 20% do Imposto Sobre Servi\u00e7o de Qualquer Natureza (ISSQN) ou do Imposto Predial e Territorial Urbano (IPTU) a projetos culturais da cidade. Representantes do Poder P\u00fablico municipal realizar\u00e3o o \u201cEncontro com a Cultura\u201d, no dia 15 de agosto, \u00e0s 10h, no audit\u00f3rio do Museu de Arte Contempor\u00e2nea de Niter\u00f3i (MAC), para explicar a Lei de Incentivo \u00e0 Cultura aos interessados. A Lei atende empresas ou pessoas f\u00edsicas que queiram incentivar projetos via ISS ou IPTU. O evento \u00e9 restrito ao setor empresarial.<\/p>\n\n\n\n<p>Os interessados em participar, para conhecer melhor a metodologia da Lei de Incentivo, precisam preencher um formul\u00e1rio online, dispon\u00edvel em&nbsp;<a href=\"https:\/\/culturaeumdireito.niteroi.rj.gov.br\/noticias\/convite-aos-empresarios\" target=\"_blank\" rel=\"noreferrer noopener\">https:\/\/culturaeumdireito.niteroi.rj.gov.br\/noticias\/convite-aos-empresarios<\/a>, para garantir a vaga.<\/p>\n\n\n\n<p>Para a secret\u00e1ria de Fazenda de Niter\u00f3i, Mar\u00edlia Ortiz, \u00e9 fundamental que o setor empresarial veja a Lei de Incentivo como uma oportunidade de garantir a consolida\u00e7\u00e3o do seu papel de investidor cultural, promovendo e protegendo as tradi\u00e7\u00f5es e express\u00f5es culturais da nossa cidade e do nosso pa\u00eds.&nbsp;<\/p>\n\n\n\n<p>\u201cMuitas empresas est\u00e3o se posicionando de forma diferente no mercado, atuando com boas pr\u00e1ticas de governan\u00e7a, sustentabilidade e responsabilidade social. Os incentivos aos projetos culturais representam uma oportunidade promissora para agregar valor aos neg\u00f3cios. Cabe ressaltar que ser um incentivador n\u00e3o coloca a empresa na mira da fiscaliza\u00e7\u00e3o tribut\u00e1ria. Ser um incentivador, faz com que a empresa se torne uma parceira de pol\u00edticas p\u00fablicas culturais em nossa cidade&#8221;, afirma.<\/p>\n\n\n\n<p>J\u00e1 o secret\u00e1rio das Culturas, Alexandre Santini, destacou a import\u00e2ncia da parceria. \u201c\u00c9 fundamental que as empresas da cidade estimulem e incentivem as a\u00e7\u00f5es culturais. O setor, al\u00e9m de produzir uma vasta programa\u00e7\u00e3o art\u00edstica, tamb\u00e9m gera emprego e renda, o que \u00e9 essencial para o desenvolvimento social. Toda a cidade se beneficia, por isso, contamos com o setor empresarial, para que Niter\u00f3i continue sendo uma refer\u00eancia de cidade desenvolvida\u201d&nbsp;<\/p>\n\n\n\n<p>O presidente da Funda\u00e7\u00e3o de Arte de Niter\u00f3i, Fernando Brand\u00e3o, ressalta a necessidade de integra\u00e7\u00e3o de setores variados da cidade, que possam se apoiar mutuamente. \u201cCom projetos como esse, todos os envolvidos s\u00e3o beneficiados. \u00c9 importante que haja essa intermedia\u00e7\u00e3o, explicando os detalhes e validando a efetividade do projeto. Esse \u00e9 o papel da Cultura.\u201d<\/p>\n\n\n\n<p><br><strong>Servi\u00e7o:&nbsp;<\/strong><strong><\/strong><\/p>\n\n\n\n<p>Encontro do Setor Empresarial com a Cultura&nbsp;<\/p>\n\n\n\n<p>Local: Museu de Arte Contempor\u00e2nea (MAC)<\/p>\n\n\n\n<p>Data e hora: 15 de agosto, \u00e0s 10h<\/p>\n","protected":false},"excerpt":{"rendered":"<p>Prefeitura organiza encontro com setor empresarial sobre Lei de Incentivo \u00e0 Cultura Com o objetivo de estimular a economia da cultura na cidade, a Prefeitura de Niter\u00f3i, por meio da [&hellip;]<\/p>\n","protected":false},"author":18,"featured_media":0,"comment_status":"closed","ping_status":"closed","sticky":false,"template":"","format":"standard","meta":{"_et_pb_use_builder":"","_et_pb_old_content":"","_et_gb_content_width":"","_usar_header_alternativo":false,"footnotes":""},"categories":[10],"tags":[290,605,606,32],"class_list":["post-20076","post","type-post","status-publish","format-standard","hentry","category-noticias","tag-cultura","tag-edital","tag-incentivo-a-cultura","tag-iss","et-doesnt-have-format-content","et_post_format-et-post-format-standard"],"_links":{"self":[{"href":"https:\/\/www.fazenda.niteroi.rj.gov.br\/site\/wp-json\/wp\/v2\/posts\/20076","targetHints":{"allow":["GET"]}}],"collection":[{"href":"https:\/\/www.fazenda.niteroi.rj.gov.br\/site\/wp-json\/wp\/v2\/posts"}],"about":[{"href":"https:\/\/www.fazenda.niteroi.rj.gov.br\/site\/wp-json\/wp\/v2\/types\/post"}],"author":[{"embeddable":true,"href":"https:\/\/www.fazenda.niteroi.rj.gov.br\/site\/wp-json\/wp\/v2\/users\/18"}],"replies":[{"embeddable":true,"href":"https:\/\/www.fazenda.niteroi.rj.gov.br\/site\/wp-json\/wp\/v2\/comments?post=20076"}],"version-history":[{"count":2,"href":"https:\/\/www.fazenda.niteroi.rj.gov.br\/site\/wp-json\/wp\/v2\/posts\/20076\/revisions"}],"predecessor-version":[{"id":20078,"href":"https:\/\/www.fazenda.niteroi.rj.gov.br\/site\/wp-json\/wp\/v2\/posts\/20076\/revisions\/20078"}],"wp:attachment":[{"href":"https:\/\/www.fazenda.niteroi.rj.gov.br\/site\/wp-json\/wp\/v2\/media?parent=20076"}],"wp:term":[{"taxonomy":"category","embeddable":true,"href":"https:\/\/www.fazenda.niteroi.rj.gov.br\/site\/wp-json\/wp\/v2\/categories?post=20076"},{"taxonomy":"post_tag","embeddable":true,"href":"https:\/\/www.fazenda.niteroi.rj.gov.br\/site\/wp-json\/wp\/v2\/tags?post=20076"}],"curies":[{"name":"wp","href":"https:\/\/api.w.org\/{rel}","templated":true}]}}