{"id":20079,"date":"2022-08-05T15:54:46","date_gmt":"2022-08-05T18:54:46","guid":{"rendered":"https:\/\/www.fazenda.niteroi.rj.gov.br\/site\/?p=20079"},"modified":"2022-08-05T15:55:09","modified_gmt":"2022-08-05T18:55:09","slug":"prazo-para-contribuinte-de-iptu-de-niteroi-atualizar-informacoes-sobre-o-imovel-termina-no-fim-deste-mes","status":"publish","type":"post","link":"https:\/\/www.fazenda.niteroi.rj.gov.br\/site\/prazo-para-contribuinte-de-iptu-de-niteroi-atualizar-informacoes-sobre-o-imovel-termina-no-fim-deste-mes\/","title":{"rendered":"Prazo para contribuinte de IPTU de Niter\u00f3i atualizar informa\u00e7\u00f5es sobre o im\u00f3vel termina no fim deste m\u00eas"},"content":{"rendered":"\n<h3 class=\"wp-block-heading\"><em>Os moradores que entregarem a DeCad ter\u00e3o desconto de at\u00e9 5% no pagamento do imposto em 2023<\/em><\/h3>\n\n\n\n<p>Termina no dia 31 deste m\u00eas o prazo para que os contribuintes de IPTU de Niter\u00f3i atualizem informa\u00e7\u00f5es pessoais e imobili\u00e1rias. A entrega da Declara\u00e7\u00e3o de Informa\u00e7\u00e3o Cadastral do Im\u00f3vel (DeCad) garante ao contribuinte que estiver em dia com todas as parcelas do IPTU de 2022 um desconto de at\u00e9 5% no imposto do ano que vem. Aqueles contribuintes que declararem altera\u00e7\u00f5es na \u00e1rea constru\u00edda do im\u00f3vel ter\u00e3o como benef\u00edcio o perd\u00e3o da diferen\u00e7a de tributos devidos, referente aos \u00faltimos cinco anos. A DeCad deve ser feita online por meio do Portal de Servi\u00e7os da Prefeitura (<a href=\"https:\/\/servicos.niteroi.rj.gov.br\/\" target=\"_blank\" rel=\"noreferrer noopener\">https:\/\/servicos.niteroi.rj.gov.br<\/a>).<\/p>\n\n\n\n<p>A secret\u00e1ria municipal de Fazenda de Niter\u00f3i, Mar\u00edlia Ortiz, destacou a import\u00e2ncia de o contribuinte entregar a DeCad.<\/p>\n\n\n\n<p>\u201cNiter\u00f3i possui cerca de 200 mil matr\u00edculas de IPTU. A ideia \u00e9 manter atualizadas as informa\u00e7\u00f5es do maior n\u00famero poss\u00edvel de im\u00f3veis. A declara\u00e7\u00e3o n\u00e3o \u00e9 obrigat\u00f3ria, mas sem d\u00favida \u00e9 uma excelente oportunidade para o morador ficar em dia com seus dados fiscais. S\u00e3o muitos os benef\u00edcios, inclusive para aquele morador que fez uma altera\u00e7\u00e3o na \u00e1rea constru\u00edda. O passado fica perdoado e ele pode ganhar at\u00e9 5% de desconto no IPTU de 2023\u201d, afirmou Mar\u00edlia Ortiz.<\/p>\n\n\n\n<p><br>De acordo com o subsecret\u00e1rio de Receita da Secretaria Municipal de Fazenda, Juan Rodrigues, a altera\u00e7\u00e3o dos dados cadastrais do im\u00f3vel por meio da DeCad tem apenas efeitos tribut\u00e1rios. Segundo ele, essas informa\u00e7\u00f5es n\u00e3o s\u00e3o ferramentas aptas a regularizar a situa\u00e7\u00e3o do im\u00f3vel perante outros \u00f3rg\u00e3os como, por exemplo, a Secretaria Municipal de Urbanismo ou o Registro Geral de Im\u00f3veis.<br><br>\u201cCabe ressaltar ao cidad\u00e3o que as informa\u00e7\u00f5es declaradas s\u00e3o para atualiza\u00e7\u00e3o do cadastro e base de c\u00e1lculo do IPTU. N\u00e3o h\u00e1 qualquer vincula\u00e7\u00e3o com o devido processo de legaliza\u00e7\u00e3o da constru\u00e7\u00e3o, que deve ser feito junto \u00e0 Secretaria Municipal de Urbanismo\u201d, explicou Juan Rodrigues.<br><br>De acordo com a Prefeitura, est\u00e3o aptas ao recadastramento dos dados do im\u00f3vel as matr\u00edculas que se enquadram nos seguintes par\u00e2metros: lojas, casas, cobertura de pr\u00e9dios, terrenos com constru\u00e7\u00f5es n\u00e3o regularizadas, estacionamentos e constru\u00e7\u00f5es especiais, como hospitais, galp\u00f5es, escolas, supermercados, ind\u00fastrias, etc.<br><br><strong>D\u00favidas \u2013<\/strong>&nbsp;Para obter mais informa\u00e7\u00f5es ou tirar d\u00favidas, basta enviar um e-mail para&nbsp;<a href=\"mailto:decad@fazenda.niteroi.rj.gov.br\" target=\"_blank\" rel=\"noreferrer noopener\">decad@fazenda.niteroi.rj.gov.br<\/a>. A p\u00e1gina da DeCad tamb\u00e9m disponibiliza o menu \u2018perguntas frequentes\u2019 no link:&nbsp;<a href=\"https:\/\/www.fazenda.niteroi.rj.gov.br\/decad\/perguntas-frequentes\" target=\"_blank\" rel=\"noreferrer noopener\">https:\/\/www.fazenda.niteroi.rj.gov.br\/decad\/perguntas-frequentes<\/a><\/p>\n","protected":false},"excerpt":{"rendered":"<p>Os moradores que entregarem a DeCad ter\u00e3o desconto de at\u00e9 5% no pagamento do imposto em 2023 Termina no dia 31 deste m\u00eas o prazo para que os contribuintes de [&hellip;]<\/p>\n","protected":false},"author":18,"featured_media":20080,"comment_status":"closed","ping_status":"closed","sticky":false,"template":"","format":"standard","meta":{"_et_pb_use_builder":"","_et_pb_old_content":"","_et_gb_content_width":"","_usar_header_alternativo":false,"footnotes":""},"categories":[10],"tags":[596,30],"class_list":["post-20079","post","type-post","status-publish","format-standard","has-post-thumbnail","hentry","category-noticias","tag-decad","tag-iptu","et-has-post-format-content","et_post_format-et-post-format-standard"],"_links":{"self":[{"href":"https:\/\/www.fazenda.niteroi.rj.gov.br\/site\/wp-json\/wp\/v2\/posts\/20079","targetHints":{"allow":["GET"]}}],"collection":[{"href":"https:\/\/www.fazenda.niteroi.rj.gov.br\/site\/wp-json\/wp\/v2\/posts"}],"about":[{"href":"https:\/\/www.fazenda.niteroi.rj.gov.br\/site\/wp-json\/wp\/v2\/types\/post"}],"author":[{"embeddable":true,"href":"https:\/\/www.fazenda.niteroi.rj.gov.br\/site\/wp-json\/wp\/v2\/users\/18"}],"replies":[{"embeddable":true,"href":"https:\/\/www.fazenda.niteroi.rj.gov.br\/site\/wp-json\/wp\/v2\/comments?post=20079"}],"version-history":[{"count":1,"href":"https:\/\/www.fazenda.niteroi.rj.gov.br\/site\/wp-json\/wp\/v2\/posts\/20079\/revisions"}],"predecessor-version":[{"id":20081,"href":"https:\/\/www.fazenda.niteroi.rj.gov.br\/site\/wp-json\/wp\/v2\/posts\/20079\/revisions\/20081"}],"wp:featuredmedia":[{"embeddable":true,"href":"https:\/\/www.fazenda.niteroi.rj.gov.br\/site\/wp-json\/wp\/v2\/media\/20080"}],"wp:attachment":[{"href":"https:\/\/www.fazenda.niteroi.rj.gov.br\/site\/wp-json\/wp\/v2\/media?parent=20079"}],"wp:term":[{"taxonomy":"category","embeddable":true,"href":"https:\/\/www.fazenda.niteroi.rj.gov.br\/site\/wp-json\/wp\/v2\/categories?post=20079"},{"taxonomy":"post_tag","embeddable":true,"href":"https:\/\/www.fazenda.niteroi.rj.gov.br\/site\/wp-json\/wp\/v2\/tags?post=20079"}],"curies":[{"name":"wp","href":"https:\/\/api.w.org\/{rel}","templated":true}]}}