{"id":20250,"date":"2022-09-12T10:20:24","date_gmt":"2022-09-12T13:20:24","guid":{"rendered":"https:\/\/www.fazenda.niteroi.rj.gov.br\/site\/?p=20250"},"modified":"2022-09-12T10:23:17","modified_gmt":"2022-09-12T13:23:17","slug":"agenda-12-09-2022-segunda-feira","status":"publish","type":"post","link":"https:\/\/www.fazenda.niteroi.rj.gov.br\/site\/agenda-12-09-2022-segunda-feira\/","title":{"rendered":"Agenda 12\/09\/2022 Segunda-Feira"},"content":{"rendered":"\n<p>10h<br>Apresenta\u00e7\u00e3o da equipe TCE<br>Local: CGM<\/p>\n\n\n\n<p>12h<br>Almo\u00e7o com o Subs.de Finan\u00e7as Heitor Moreira, Subs.de Moderniza\u00e7\u00e3o Sra. Nat\u00e1lia Cardoso.<\/p>\n\n\n\n<p>13h30<br>Aula Magna do Curso T\u00e9cnico de Administra\u00e7\u00e3o<br>Local: Audit\u00f3rio Paulo Gustavo Campus IFRJ <\/p>\n\n\n\n<p>14h<br>Agenda Interna<br>Pauta: ISS<\/p>\n\n\n\n<p>Local: SMF<\/p>\n\n\n\n<p>15h<br>Despacho com Subsecret\u00e1rio de Receitas Sr. Juan Rodrigues<\/p>\n\n\n\n<p>16h<br>Reuni\u00e3o com Secret\u00e1rio de Urbanismo Sr. Renato Barandier<br>Pauta: Outorga Onerosa<\/p>\n\n\n\n<p>Local: SMF<\/p>\n","protected":false},"excerpt":{"rendered":"<p>10hApresenta\u00e7\u00e3o da equipe TCELocal: CGM 12hAlmo\u00e7o com o Subs.de Finan\u00e7as Heitor Moreira, Subs.de Moderniza\u00e7\u00e3o Sra. Nat\u00e1lia Cardoso. 13h30Aula Magna do Curso T\u00e9cnico de Administra\u00e7\u00e3oLocal: Audit\u00f3rio Paulo Gustavo Campus IFRJ 14hAgenda [&hellip;]<\/p>\n","protected":false},"author":20,"featured_media":0,"comment_status":"closed","ping_status":"closed","sticky":false,"template":"","format":"standard","meta":{"_et_pb_use_builder":"","_et_pb_old_content":"","_et_gb_content_width":"","_usar_header_alternativo":false,"footnotes":""},"categories":[394],"tags":[397,452],"class_list":["post-20250","post","type-post","status-publish","format-standard","hentry","category-agenda","tag-agenda-da-secretaria","tag-transparencia","et-doesnt-have-format-content","et_post_format-et-post-format-standard"],"_links":{"self":[{"href":"https:\/\/www.fazenda.niteroi.rj.gov.br\/site\/wp-json\/wp\/v2\/posts\/20250","targetHints":{"allow":["GET"]}}],"collection":[{"href":"https:\/\/www.fazenda.niteroi.rj.gov.br\/site\/wp-json\/wp\/v2\/posts"}],"about":[{"href":"https:\/\/www.fazenda.niteroi.rj.gov.br\/site\/wp-json\/wp\/v2\/types\/post"}],"author":[{"embeddable":true,"href":"https:\/\/www.fazenda.niteroi.rj.gov.br\/site\/wp-json\/wp\/v2\/users\/20"}],"replies":[{"embeddable":true,"href":"https:\/\/www.fazenda.niteroi.rj.gov.br\/site\/wp-json\/wp\/v2\/comments?post=20250"}],"version-history":[{"count":2,"href":"https:\/\/www.fazenda.niteroi.rj.gov.br\/site\/wp-json\/wp\/v2\/posts\/20250\/revisions"}],"predecessor-version":[{"id":20253,"href":"https:\/\/www.fazenda.niteroi.rj.gov.br\/site\/wp-json\/wp\/v2\/posts\/20250\/revisions\/20253"}],"wp:attachment":[{"href":"https:\/\/www.fazenda.niteroi.rj.gov.br\/site\/wp-json\/wp\/v2\/media?parent=20250"}],"wp:term":[{"taxonomy":"category","embeddable":true,"href":"https:\/\/www.fazenda.niteroi.rj.gov.br\/site\/wp-json\/wp\/v2\/categories?post=20250"},{"taxonomy":"post_tag","embeddable":true,"href":"https:\/\/www.fazenda.niteroi.rj.gov.br\/site\/wp-json\/wp\/v2\/tags?post=20250"}],"curies":[{"name":"wp","href":"https:\/\/api.w.org\/{rel}","templated":true}]}}