{"id":20265,"date":"2022-09-14T09:46:15","date_gmt":"2022-09-14T12:46:15","guid":{"rendered":"https:\/\/www.fazenda.niteroi.rj.gov.br\/site\/?p=20265"},"modified":"2022-09-14T09:50:36","modified_gmt":"2022-09-14T12:50:36","slug":"agenda-14-09-2022-quarta-feira","status":"publish","type":"post","link":"https:\/\/www.fazenda.niteroi.rj.gov.br\/site\/agenda-14-09-2022-quarta-feira\/","title":{"rendered":"Agenda 14\/09\/2022 Quarta-Feira"},"content":{"rendered":"\n<p>09h<br>Cerim\u00f4nia de an\u00fancio dos editais de cultura e projeto ocupa casar\u00e3o<br>Local: Casar\u00e3o do Fonseca &#8211; Alameda S\u00e3o Boaventura , 263<\/p>\n\n\n\n<p>11h<br>Despacho interno &#8211; Semin\u00e1rio do F\u00f3rum Fundo Soberano<br>Local: SMF<\/p>\n\n\n\n<p>12h<br>Almo\u00e7o com a Secret\u00e1ria de Planejamento Sra. Ellen Benedetti<\/p>\n\n\n\n<p>14h<br>Reuni\u00e3o com o Secret\u00e1rio de Rela\u00e7\u00f5es Institucionais Sr. Rodrigo Farah<br>Local: SMF<\/p>\n\n\n\n<p>15h<br>Despacho Interno ASPLAN<br>Pauta: Material a ser colocado na Secretaria<br>Local: SMF<\/p>\n\n\n\n<p>16h<br>Despacho Interno com Controle Interno<br>Local: SMF<\/p>\n","protected":false},"excerpt":{"rendered":"<p>09hCerim\u00f4nia de an\u00fancio dos editais de cultura e projeto ocupa casar\u00e3oLocal: Casar\u00e3o do Fonseca &#8211; Alameda S\u00e3o Boaventura , 263 11hDespacho interno &#8211; Semin\u00e1rio do F\u00f3rum Fundo SoberanoLocal: SMF 12hAlmo\u00e7o [&hellip;]<\/p>\n","protected":false},"author":20,"featured_media":0,"comment_status":"closed","ping_status":"closed","sticky":false,"template":"","format":"standard","meta":{"_et_pb_use_builder":"","_et_pb_old_content":"","_et_gb_content_width":"","_usar_header_alternativo":false,"footnotes":""},"categories":[394],"tags":[397,452],"class_list":["post-20265","post","type-post","status-publish","format-standard","hentry","category-agenda","tag-agenda-da-secretaria","tag-transparencia","et-doesnt-have-format-content","et_post_format-et-post-format-standard"],"_links":{"self":[{"href":"https:\/\/www.fazenda.niteroi.rj.gov.br\/site\/wp-json\/wp\/v2\/posts\/20265","targetHints":{"allow":["GET"]}}],"collection":[{"href":"https:\/\/www.fazenda.niteroi.rj.gov.br\/site\/wp-json\/wp\/v2\/posts"}],"about":[{"href":"https:\/\/www.fazenda.niteroi.rj.gov.br\/site\/wp-json\/wp\/v2\/types\/post"}],"author":[{"embeddable":true,"href":"https:\/\/www.fazenda.niteroi.rj.gov.br\/site\/wp-json\/wp\/v2\/users\/20"}],"replies":[{"embeddable":true,"href":"https:\/\/www.fazenda.niteroi.rj.gov.br\/site\/wp-json\/wp\/v2\/comments?post=20265"}],"version-history":[{"count":1,"href":"https:\/\/www.fazenda.niteroi.rj.gov.br\/site\/wp-json\/wp\/v2\/posts\/20265\/revisions"}],"predecessor-version":[{"id":20266,"href":"https:\/\/www.fazenda.niteroi.rj.gov.br\/site\/wp-json\/wp\/v2\/posts\/20265\/revisions\/20266"}],"wp:attachment":[{"href":"https:\/\/www.fazenda.niteroi.rj.gov.br\/site\/wp-json\/wp\/v2\/media?parent=20265"}],"wp:term":[{"taxonomy":"category","embeddable":true,"href":"https:\/\/www.fazenda.niteroi.rj.gov.br\/site\/wp-json\/wp\/v2\/categories?post=20265"},{"taxonomy":"post_tag","embeddable":true,"href":"https:\/\/www.fazenda.niteroi.rj.gov.br\/site\/wp-json\/wp\/v2\/tags?post=20265"}],"curies":[{"name":"wp","href":"https:\/\/api.w.org\/{rel}","templated":true}]}}