{"id":20351,"date":"2022-10-03T12:12:40","date_gmt":"2022-10-03T15:12:40","guid":{"rendered":"https:\/\/www.fazenda.niteroi.rj.gov.br\/site\/?p=20351"},"modified":"2022-10-03T13:29:24","modified_gmt":"2022-10-03T16:29:24","slug":"agenda-03-10-2022-segunda-feira","status":"publish","type":"post","link":"https:\/\/www.fazenda.niteroi.rj.gov.br\/site\/agenda-03-10-2022-segunda-feira\/","title":{"rendered":"Agenda 03\/10\/2022 Segunda-Feira"},"content":{"rendered":"\n<p>10h<br>Reuni\u00e3o &#8211; Ponto de Controle<br>Local: SMF<\/p>\n\n\n\n<p><br>13h30<br>Reuni\u00e3o com Fiscal Elisabeth Poubel, Subs. Fernanda Rodrigues e Diretor Pedro Reys<br>Pauta: Fluxo Patrim\u00f4nio<br>Local: SMF<\/p>\n\n\n\n<p>15h<br>Reuni\u00e3o com Presidente da C\u00e2mara<br>Local: SMF<\/p>\n\n\n\n<p>16h<br>Reuni\u00e3o Ordin\u00e1ria CETI<br>Videoconfer\u00eancia<\/p>\n\n\n\n<p>17h<br>Reuni\u00e3o com Subs de Receitas Juan Rodrigues, Subs de Moderniza\u00e7\u00e3o Sra. Nat\u00e1lia Cardoso, Fiscal Thiago Vilela<br>Pauta: Carn\u00ea de IPTU<br>Local: SMF<\/p>\n","protected":false},"excerpt":{"rendered":"<p>10hReuni\u00e3o &#8211; Ponto de ControleLocal: SMF 13h30Reuni\u00e3o com Fiscal Elisabeth Poubel, Subs. Fernanda Rodrigues e Diretor Pedro ReysPauta: Fluxo Patrim\u00f4nioLocal: SMF 15hReuni\u00e3o com Presidente da C\u00e2maraLocal: SMF 16hReuni\u00e3o Ordin\u00e1ria CETIVideoconfer\u00eancia [&hellip;]<\/p>\n","protected":false},"author":20,"featured_media":0,"comment_status":"closed","ping_status":"closed","sticky":false,"template":"","format":"standard","meta":{"_et_pb_use_builder":"","_et_pb_old_content":"","_et_gb_content_width":"","_usar_header_alternativo":false,"footnotes":""},"categories":[394],"tags":[397,452],"class_list":["post-20351","post","type-post","status-publish","format-standard","hentry","category-agenda","tag-agenda-da-secretaria","tag-transparencia","et-doesnt-have-format-content","et_post_format-et-post-format-standard"],"_links":{"self":[{"href":"https:\/\/www.fazenda.niteroi.rj.gov.br\/site\/wp-json\/wp\/v2\/posts\/20351","targetHints":{"allow":["GET"]}}],"collection":[{"href":"https:\/\/www.fazenda.niteroi.rj.gov.br\/site\/wp-json\/wp\/v2\/posts"}],"about":[{"href":"https:\/\/www.fazenda.niteroi.rj.gov.br\/site\/wp-json\/wp\/v2\/types\/post"}],"author":[{"embeddable":true,"href":"https:\/\/www.fazenda.niteroi.rj.gov.br\/site\/wp-json\/wp\/v2\/users\/20"}],"replies":[{"embeddable":true,"href":"https:\/\/www.fazenda.niteroi.rj.gov.br\/site\/wp-json\/wp\/v2\/comments?post=20351"}],"version-history":[{"count":1,"href":"https:\/\/www.fazenda.niteroi.rj.gov.br\/site\/wp-json\/wp\/v2\/posts\/20351\/revisions"}],"predecessor-version":[{"id":20352,"href":"https:\/\/www.fazenda.niteroi.rj.gov.br\/site\/wp-json\/wp\/v2\/posts\/20351\/revisions\/20352"}],"wp:attachment":[{"href":"https:\/\/www.fazenda.niteroi.rj.gov.br\/site\/wp-json\/wp\/v2\/media?parent=20351"}],"wp:term":[{"taxonomy":"category","embeddable":true,"href":"https:\/\/www.fazenda.niteroi.rj.gov.br\/site\/wp-json\/wp\/v2\/categories?post=20351"},{"taxonomy":"post_tag","embeddable":true,"href":"https:\/\/www.fazenda.niteroi.rj.gov.br\/site\/wp-json\/wp\/v2\/tags?post=20351"}],"curies":[{"name":"wp","href":"https:\/\/api.w.org\/{rel}","templated":true}]}}