{"id":20378,"date":"2022-10-10T10:43:35","date_gmt":"2022-10-10T13:43:35","guid":{"rendered":"https:\/\/www.fazenda.niteroi.rj.gov.br\/site\/?p=20378"},"modified":"2022-10-10T10:43:48","modified_gmt":"2022-10-10T13:43:48","slug":"agenda-10-10-2022-segunda-feira","status":"publish","type":"post","link":"https:\/\/www.fazenda.niteroi.rj.gov.br\/site\/agenda-10-10-2022-segunda-feira\/","title":{"rendered":"Agenda 10\/10 \/2022 Segunda-Feira"},"content":{"rendered":"\n<p>10h<br>Encontro com e delegado Regional do CRC Sr. Jo\u00e3o Carlos Romualdo e Contadores<br>Pauta: Instru\u00e7\u00f5es sobre Presta\u00e7\u00e3o de Contas Empresa Cidad\u00e3<br>Local: Rua Aurelino Leal, 38 &#8211; 3\u00ba andar<\/p>\n\n\n\n<p>11h30<br>Reuni\u00e3o com Subsecret\u00e1rios<br>Pauta: RH<br>Local: SMF<\/p>\n\n\n\n<p>14h30<br>Reuni\u00e3o da Equipe ISO com o Conselho de Contribuintes<br>Local: Sala do Conselho dos Contribuintes<\/p>\n\n\n\n<p>17h<br>Reuni\u00e3o com o Prefeito , Secret\u00e1rio Executivo Sr. Ubirajara Marques, Subs de Receitas Sr. Juan Rodrigues, Fiscal Sr. Gabriel Franco.<br>Pauta: ICMS<br>Local: Gabinete do Prefeito<\/p>\n","protected":false},"excerpt":{"rendered":"<p>10hEncontro com e delegado Regional do CRC Sr. Jo\u00e3o Carlos Romualdo e ContadoresPauta: Instru\u00e7\u00f5es sobre Presta\u00e7\u00e3o de Contas Empresa Cidad\u00e3Local: Rua Aurelino Leal, 38 &#8211; 3\u00ba andar 11h30Reuni\u00e3o com Subsecret\u00e1riosPauta: [&hellip;]<\/p>\n","protected":false},"author":20,"featured_media":0,"comment_status":"closed","ping_status":"closed","sticky":false,"template":"","format":"standard","meta":{"_et_pb_use_builder":"","_et_pb_old_content":"","_et_gb_content_width":"","_usar_header_alternativo":false,"footnotes":""},"categories":[116],"tags":[],"class_list":["post-20378","post","type-post","status-publish","format-standard","hentry","category-rascunhos","et-doesnt-have-format-content","et_post_format-et-post-format-standard"],"_links":{"self":[{"href":"https:\/\/www.fazenda.niteroi.rj.gov.br\/site\/wp-json\/wp\/v2\/posts\/20378","targetHints":{"allow":["GET"]}}],"collection":[{"href":"https:\/\/www.fazenda.niteroi.rj.gov.br\/site\/wp-json\/wp\/v2\/posts"}],"about":[{"href":"https:\/\/www.fazenda.niteroi.rj.gov.br\/site\/wp-json\/wp\/v2\/types\/post"}],"author":[{"embeddable":true,"href":"https:\/\/www.fazenda.niteroi.rj.gov.br\/site\/wp-json\/wp\/v2\/users\/20"}],"replies":[{"embeddable":true,"href":"https:\/\/www.fazenda.niteroi.rj.gov.br\/site\/wp-json\/wp\/v2\/comments?post=20378"}],"version-history":[{"count":1,"href":"https:\/\/www.fazenda.niteroi.rj.gov.br\/site\/wp-json\/wp\/v2\/posts\/20378\/revisions"}],"predecessor-version":[{"id":20379,"href":"https:\/\/www.fazenda.niteroi.rj.gov.br\/site\/wp-json\/wp\/v2\/posts\/20378\/revisions\/20379"}],"wp:attachment":[{"href":"https:\/\/www.fazenda.niteroi.rj.gov.br\/site\/wp-json\/wp\/v2\/media?parent=20378"}],"wp:term":[{"taxonomy":"category","embeddable":true,"href":"https:\/\/www.fazenda.niteroi.rj.gov.br\/site\/wp-json\/wp\/v2\/categories?post=20378"},{"taxonomy":"post_tag","embeddable":true,"href":"https:\/\/www.fazenda.niteroi.rj.gov.br\/site\/wp-json\/wp\/v2\/tags?post=20378"}],"curies":[{"name":"wp","href":"https:\/\/api.w.org\/{rel}","templated":true}]}}