{"id":20418,"date":"2022-10-17T09:59:51","date_gmt":"2022-10-17T12:59:51","guid":{"rendered":"https:\/\/www.fazenda.niteroi.rj.gov.br\/site\/?p=20418"},"modified":"2022-10-17T10:00:18","modified_gmt":"2022-10-17T13:00:18","slug":"agenda-17-10-2022-segunda-feira","status":"publish","type":"post","link":"https:\/\/www.fazenda.niteroi.rj.gov.br\/site\/agenda-17-10-2022-segunda-feira\/","title":{"rendered":"Agenda 17\/10\/2022 Segunda-Feira"},"content":{"rendered":"\n<p>10h<br>Audi\u00eancia P\u00fablica Alerj<\/p>\n\n\n\n<p>14h<br>Sess\u00e3o de Abertura do IV Semin\u00e1rio Nacional sobre Maternidade junto com o Reitor da UFF<br>Local: IACS UFF &#8211; S\u00e3o Domingos<\/p>\n\n\n\n<p>15h<br>Reuni\u00e3o Pr\u00e9via &#8211; Lan\u00e7amento Centro de Mem\u00f3ria\/Dia do Servidor Fazend\u00e1rio<br>Local: SMF<\/p>\n","protected":false},"excerpt":{"rendered":"<p>10hAudi\u00eancia P\u00fablica Alerj 14hSess\u00e3o de Abertura do IV Semin\u00e1rio Nacional sobre Maternidade junto com o Reitor da UFFLocal: IACS UFF &#8211; S\u00e3o Domingos 15hReuni\u00e3o Pr\u00e9via &#8211; Lan\u00e7amento Centro de Mem\u00f3ria\/Dia [&hellip;]<\/p>\n","protected":false},"author":20,"featured_media":0,"comment_status":"closed","ping_status":"closed","sticky":false,"template":"","format":"standard","meta":{"_et_pb_use_builder":"","_et_pb_old_content":"","_et_gb_content_width":"","_usar_header_alternativo":false,"footnotes":""},"categories":[394],"tags":[397,452],"class_list":["post-20418","post","type-post","status-publish","format-standard","hentry","category-agenda","tag-agenda-da-secretaria","tag-transparencia","et-doesnt-have-format-content","et_post_format-et-post-format-standard"],"_links":{"self":[{"href":"https:\/\/www.fazenda.niteroi.rj.gov.br\/site\/wp-json\/wp\/v2\/posts\/20418","targetHints":{"allow":["GET"]}}],"collection":[{"href":"https:\/\/www.fazenda.niteroi.rj.gov.br\/site\/wp-json\/wp\/v2\/posts"}],"about":[{"href":"https:\/\/www.fazenda.niteroi.rj.gov.br\/site\/wp-json\/wp\/v2\/types\/post"}],"author":[{"embeddable":true,"href":"https:\/\/www.fazenda.niteroi.rj.gov.br\/site\/wp-json\/wp\/v2\/users\/20"}],"replies":[{"embeddable":true,"href":"https:\/\/www.fazenda.niteroi.rj.gov.br\/site\/wp-json\/wp\/v2\/comments?post=20418"}],"version-history":[{"count":1,"href":"https:\/\/www.fazenda.niteroi.rj.gov.br\/site\/wp-json\/wp\/v2\/posts\/20418\/revisions"}],"predecessor-version":[{"id":20419,"href":"https:\/\/www.fazenda.niteroi.rj.gov.br\/site\/wp-json\/wp\/v2\/posts\/20418\/revisions\/20419"}],"wp:attachment":[{"href":"https:\/\/www.fazenda.niteroi.rj.gov.br\/site\/wp-json\/wp\/v2\/media?parent=20418"}],"wp:term":[{"taxonomy":"category","embeddable":true,"href":"https:\/\/www.fazenda.niteroi.rj.gov.br\/site\/wp-json\/wp\/v2\/categories?post=20418"},{"taxonomy":"post_tag","embeddable":true,"href":"https:\/\/www.fazenda.niteroi.rj.gov.br\/site\/wp-json\/wp\/v2\/tags?post=20418"}],"curies":[{"name":"wp","href":"https:\/\/api.w.org\/{rel}","templated":true}]}}