{"id":20428,"date":"2022-10-18T10:01:54","date_gmt":"2022-10-18T13:01:54","guid":{"rendered":"https:\/\/www.fazenda.niteroi.rj.gov.br\/site\/?p=20428"},"modified":"2022-10-18T10:02:07","modified_gmt":"2022-10-18T13:02:07","slug":"agenda-18-10-2022-terca-feira","status":"publish","type":"post","link":"https:\/\/www.fazenda.niteroi.rj.gov.br\/site\/agenda-18-10-2022-terca-feira\/","title":{"rendered":"Agenda 18\/10\/2022 Ter\u00e7a-Feira"},"content":{"rendered":"\n<p>10h<br>Ponto de Controle<br>Local: SMF<\/p>\n\n\n\n<p>11h30<br>Reuni\u00e3o com o Subs. de Finan\u00e7as Sr. Heitor Moreira, Diretor Sr.Lucas Paz<br>Pauta: Nota t\u00e9cnica<br>Local: SMF<\/p>\n\n\n\n<p>14h<br>Visita Projeto Grael<br>Local: Av. Carlos Ermelindo Marins, 494 \u2013 Jurujuba<\/p>\n\n\n\n<p>16h<br>Despacho Interno com o Subs de Finan\u00e7as Sr. Heitor Moreira<br>Local: SMF<\/p>\n","protected":false},"excerpt":{"rendered":"<p>10hPonto de ControleLocal: SMF 11h30Reuni\u00e3o com o Subs. de Finan\u00e7as Sr. Heitor Moreira, Diretor Sr.Lucas PazPauta: Nota t\u00e9cnicaLocal: SMF 14hVisita Projeto GraelLocal: Av. Carlos Ermelindo Marins, 494 \u2013 Jurujuba 16hDespacho [&hellip;]<\/p>\n","protected":false},"author":20,"featured_media":0,"comment_status":"closed","ping_status":"closed","sticky":false,"template":"","format":"standard","meta":{"_et_pb_use_builder":"","_et_pb_old_content":"","_et_gb_content_width":"","_usar_header_alternativo":false,"footnotes":""},"categories":[394],"tags":[397,452],"class_list":["post-20428","post","type-post","status-publish","format-standard","hentry","category-agenda","tag-agenda-da-secretaria","tag-transparencia","et-doesnt-have-format-content","et_post_format-et-post-format-standard"],"_links":{"self":[{"href":"https:\/\/www.fazenda.niteroi.rj.gov.br\/site\/wp-json\/wp\/v2\/posts\/20428","targetHints":{"allow":["GET"]}}],"collection":[{"href":"https:\/\/www.fazenda.niteroi.rj.gov.br\/site\/wp-json\/wp\/v2\/posts"}],"about":[{"href":"https:\/\/www.fazenda.niteroi.rj.gov.br\/site\/wp-json\/wp\/v2\/types\/post"}],"author":[{"embeddable":true,"href":"https:\/\/www.fazenda.niteroi.rj.gov.br\/site\/wp-json\/wp\/v2\/users\/20"}],"replies":[{"embeddable":true,"href":"https:\/\/www.fazenda.niteroi.rj.gov.br\/site\/wp-json\/wp\/v2\/comments?post=20428"}],"version-history":[{"count":1,"href":"https:\/\/www.fazenda.niteroi.rj.gov.br\/site\/wp-json\/wp\/v2\/posts\/20428\/revisions"}],"predecessor-version":[{"id":20429,"href":"https:\/\/www.fazenda.niteroi.rj.gov.br\/site\/wp-json\/wp\/v2\/posts\/20428\/revisions\/20429"}],"wp:attachment":[{"href":"https:\/\/www.fazenda.niteroi.rj.gov.br\/site\/wp-json\/wp\/v2\/media?parent=20428"}],"wp:term":[{"taxonomy":"category","embeddable":true,"href":"https:\/\/www.fazenda.niteroi.rj.gov.br\/site\/wp-json\/wp\/v2\/categories?post=20428"},{"taxonomy":"post_tag","embeddable":true,"href":"https:\/\/www.fazenda.niteroi.rj.gov.br\/site\/wp-json\/wp\/v2\/tags?post=20428"}],"curies":[{"name":"wp","href":"https:\/\/api.w.org\/{rel}","templated":true}]}}