{"id":20444,"date":"2022-10-20T15:49:22","date_gmt":"2022-10-20T18:49:22","guid":{"rendered":"https:\/\/www.fazenda.niteroi.rj.gov.br\/site\/?p=20444"},"modified":"2022-10-20T15:49:47","modified_gmt":"2022-10-20T18:49:47","slug":"agenda-20-10-2022-quinta-feira","status":"publish","type":"post","link":"https:\/\/www.fazenda.niteroi.rj.gov.br\/site\/agenda-20-10-2022-quinta-feira\/","title":{"rendered":"Agenda 20\/10\/2022 Quinta \u2013Feira"},"content":{"rendered":"\n<p>10h30<br>Reuni\u00e3o SEFAZ-RJ<br>Local: Avenida Presidente Vargas,670 \u2013 19\u00ba andar<\/p>\n\n\n\n<p>11h<br>Reuni\u00e3o com Subs de Moderniza\u00e7\u00e3o Sra. Nat\u00e1lia Cardoso<br>Local: SMF<\/p>\n\n\n\n<p>14h<br>Semana Acad\u00eamica 2022 \u2013 UFF<br>Local: Departamento de Administra\u00e7\u00e3o, sala 502 R. Mario Santos Braga &#8211; Centro, Niter\u00f3i;UFF &#8211; Faculdade de Administra\u00e7\u00e3o e Ci\u00eancias Cont\u00e1beis<\/p>\n","protected":false},"excerpt":{"rendered":"<p>10h30Reuni\u00e3o SEFAZ-RJLocal: Avenida Presidente Vargas,670 \u2013 19\u00ba andar 11hReuni\u00e3o com Subs de Moderniza\u00e7\u00e3o Sra. Nat\u00e1lia CardosoLocal: SMF 14hSemana Acad\u00eamica 2022 \u2013 UFFLocal: Departamento de Administra\u00e7\u00e3o, sala 502 R. Mario Santos [&hellip;]<\/p>\n","protected":false},"author":20,"featured_media":0,"comment_status":"closed","ping_status":"closed","sticky":false,"template":"","format":"standard","meta":{"_et_pb_use_builder":"","_et_pb_old_content":"","_et_gb_content_width":"","_usar_header_alternativo":false,"footnotes":""},"categories":[394],"tags":[397,452],"class_list":["post-20444","post","type-post","status-publish","format-standard","hentry","category-agenda","tag-agenda-da-secretaria","tag-transparencia","et-doesnt-have-format-content","et_post_format-et-post-format-standard"],"_links":{"self":[{"href":"https:\/\/www.fazenda.niteroi.rj.gov.br\/site\/wp-json\/wp\/v2\/posts\/20444","targetHints":{"allow":["GET"]}}],"collection":[{"href":"https:\/\/www.fazenda.niteroi.rj.gov.br\/site\/wp-json\/wp\/v2\/posts"}],"about":[{"href":"https:\/\/www.fazenda.niteroi.rj.gov.br\/site\/wp-json\/wp\/v2\/types\/post"}],"author":[{"embeddable":true,"href":"https:\/\/www.fazenda.niteroi.rj.gov.br\/site\/wp-json\/wp\/v2\/users\/20"}],"replies":[{"embeddable":true,"href":"https:\/\/www.fazenda.niteroi.rj.gov.br\/site\/wp-json\/wp\/v2\/comments?post=20444"}],"version-history":[{"count":1,"href":"https:\/\/www.fazenda.niteroi.rj.gov.br\/site\/wp-json\/wp\/v2\/posts\/20444\/revisions"}],"predecessor-version":[{"id":20445,"href":"https:\/\/www.fazenda.niteroi.rj.gov.br\/site\/wp-json\/wp\/v2\/posts\/20444\/revisions\/20445"}],"wp:attachment":[{"href":"https:\/\/www.fazenda.niteroi.rj.gov.br\/site\/wp-json\/wp\/v2\/media?parent=20444"}],"wp:term":[{"taxonomy":"category","embeddable":true,"href":"https:\/\/www.fazenda.niteroi.rj.gov.br\/site\/wp-json\/wp\/v2\/categories?post=20444"},{"taxonomy":"post_tag","embeddable":true,"href":"https:\/\/www.fazenda.niteroi.rj.gov.br\/site\/wp-json\/wp\/v2\/tags?post=20444"}],"curies":[{"name":"wp","href":"https:\/\/api.w.org\/{rel}","templated":true}]}}