{"id":20473,"date":"2022-10-21T15:26:46","date_gmt":"2022-10-21T18:26:46","guid":{"rendered":"https:\/\/www.fazenda.niteroi.rj.gov.br\/site\/?p=20473"},"modified":"2022-10-21T15:27:10","modified_gmt":"2022-10-21T18:27:10","slug":"gestores-municipais-apresentam-em-evento-na-uff-experiencia-de-estagio-na-prefeitura-de-niteroi","status":"publish","type":"post","link":"https:\/\/www.fazenda.niteroi.rj.gov.br\/site\/gestores-municipais-apresentam-em-evento-na-uff-experiencia-de-estagio-na-prefeitura-de-niteroi\/","title":{"rendered":"Gestores municipais apresentam, em evento na UFF, experi\u00eancia de est\u00e1gio na Prefeitura de Niter\u00f3i"},"content":{"rendered":"\n<h2 class=\"wp-block-heading\"><em>L\u00edderes das secretarias de Planejamento, Fazenda e Administra\u00e7\u00e3o destacam a import\u00e2ncia da aproxima\u00e7\u00e3o da administra\u00e7\u00e3o municipal com os estudantes<\/em><\/h2>\n\n\n\n<p>Gestores da Prefeitura de Niter\u00f3i ministraram, nesta quinta-feira (20), uma palestra sobre as oportunidades de desenvolvimento profissional na administra\u00e7\u00e3o p\u00fablica do munic\u00edpio, na 19\u00aa Semana Nacional de Ci\u00eancia e Tecnologia da Universidade Federal Fluminense (UFF). Com o tema \u201cComo \u00e9 estagiar na Prefeitura de Niter\u00f3i?\u201d, participaram representantes das secretarias de Planejamento, Or\u00e7amento e Moderniza\u00e7\u00e3o da Gest\u00e3o (Seplag), Fazenda (SMF) e Administra\u00e7\u00e3o (SMA).<br><br>A secret\u00e1ria de Planejamento, Or\u00e7amento e Moderniza\u00e7\u00e3o da Gest\u00e3o, Ellen Benedetti, apresentou a estrutura da Seplag para os estudantes e compartilhou sua trajet\u00f3ria profissional no setor p\u00fablico. Ela enfatizou a import\u00e2ncia da UFF para a cidade e para as pol\u00edticas p\u00fablicas desempenhadas pela Prefeitura.<br><br>\u201cEsse espa\u00e7o de di\u00e1logo \u00e9 muito importante para a aproxima\u00e7\u00e3o entre a Prefeitura e os estudantes, o que possibilita experi\u00eancias positivas para o aprimoramento das pol\u00edticas p\u00fablicas. Temos diversas parcerias com a UFF como o Programa de Desenvolvimento de Projetos Aplicados (PDPA), uma iniciativa pioneira de produ\u00e7\u00e3o acad\u00eamica voltada \u00e0 gest\u00e3o p\u00fablica. Al\u00e9m da j\u00e1 contarmos com a expertise da Universidade em nossas capacita\u00e7\u00f5es pela Escola de Governo e Gest\u00e3o. Temos experi\u00eancias exitosas de um corpo t\u00e9cnico competente e qualificado formado por estagi\u00e1rios que contribuem para a gest\u00e3o p\u00fablica e relatam seu crescimento profissional nesses espa\u00e7os. Como gestores, temos um papel importante para a sociedade e precisamos estar sempre atentos a quanto o nosso trabalho impacta nos servi\u00e7os oferecidos ao cidad\u00e3o. Os estagi\u00e1rios fazem parte desse esfor\u00e7o coletivo em benef\u00edcio da popula\u00e7\u00e3o\u201d, afirmou Ellen Benedetti.&nbsp;<br><br>A secret\u00e1ria municipal de Fazenda, Mar\u00edlia Ortiz, destacou o quanto os gestores da Prefeitura ficaram honrados com o convite para estimular o interesse dos alunos pela gest\u00e3o p\u00fablica.<br><br>&#8220;Estamos muito honrados com a possibilidade de participar desta atividade formativa junto \u00e0 UFF. A Prefeitura tem diversas experi\u00eancias bem-sucedidas de programas de est\u00e1gio. De um lado, o estudante \u00e9 exposto a uma gest\u00e3o municipal que \u00e9 refer\u00eancia nacional pelas inova\u00e7\u00f5es, profissionaliza\u00e7\u00e3o e pioneirismo. De outro, os estudantes nos ajudam a ir al\u00e9m trazendo excelentes sugest\u00f5es e metodologias. E v\u00e1rios deles acabam sendo efetivados pelo bom desempenho&#8221;, acrescentou Mar\u00edlia Ortiz.<br><br>O secret\u00e1rio de Administra\u00e7\u00e3o, Luiz Vieira, explicou que a pasta \u00e9 respons\u00e1vel por auxiliar a estrutura\u00e7\u00e3o das demais secretarias, desde a contrata\u00e7\u00e3o de profissionais \u00e0 aquisi\u00e7\u00e3o de materiais e equipamentos.<br><br>\u201cAprendemos muito com os estagi\u00e1rios. S\u00e3o pessoas motivadas e que estimulam o desenvolvimento das a\u00e7\u00f5es e o engajamento dos demais servidores. O est\u00e1gio \u00e9 o momento onde os estudantes p\u00f5em em pr\u00e1tica os seus conhecimentos e, na maioria das vezes, t\u00eam a oportunidade de se tornarem servidores da Prefeitura\u201d, enfatizou Luiz Vieira.<br><br>O subsecret\u00e1rio de Or\u00e7amento, Marcelo Bandeira, apresentou o programa de est\u00e1gio da subsecretaria vinculada \u00e0 Seplag e a servidora Beatriz Christov\u00e3o falou sobre o est\u00e1gio na Secretaria de Fazenda. Tamb\u00e9m participaram da mesa Gabriela Lauria, monitora de Projetos do N\u00facleo de Gest\u00e3o Estrat\u00e9gica; Beatriz Guimar\u00e3es, da Escola de Governo e Gest\u00e3o; Isabela Clemente, coordenadora de Modifica\u00e7\u00e3o Or\u00e7ament\u00e1ria; Gabriela de Barros Coutinho (SSO); B\u00e1rbara Lya Jaber, analista de Planejamento e o estagi\u00e1rio Lu\u00e3 Ferreira, que falaram sobre a experi\u00eancia de est\u00e1gio na Prefeitura e a oportunidade de se tornar servidor.<strong><\/strong><\/p>\n","protected":false},"excerpt":{"rendered":"<p>L\u00edderes das secretarias de Planejamento, Fazenda e Administra\u00e7\u00e3o destacam a import\u00e2ncia da aproxima\u00e7\u00e3o da administra\u00e7\u00e3o municipal com os estudantes Gestores da Prefeitura de Niter\u00f3i ministraram, nesta quinta-feira (20), uma palestra [&hellip;]<\/p>\n","protected":false},"author":18,"featured_media":20475,"comment_status":"closed","ping_status":"closed","sticky":false,"template":"","format":"standard","meta":{"_et_pb_use_builder":"","_et_pb_old_content":"","_et_gb_content_width":"","_usar_header_alternativo":false,"footnotes":""},"categories":[10],"tags":[495,494,618],"class_list":["post-20473","post","type-post","status-publish","format-standard","has-post-thumbnail","hentry","category-noticias","tag-estagiario","tag-estagio","tag-uff","et-has-post-format-content","et_post_format-et-post-format-standard"],"_links":{"self":[{"href":"https:\/\/www.fazenda.niteroi.rj.gov.br\/site\/wp-json\/wp\/v2\/posts\/20473","targetHints":{"allow":["GET"]}}],"collection":[{"href":"https:\/\/www.fazenda.niteroi.rj.gov.br\/site\/wp-json\/wp\/v2\/posts"}],"about":[{"href":"https:\/\/www.fazenda.niteroi.rj.gov.br\/site\/wp-json\/wp\/v2\/types\/post"}],"author":[{"embeddable":true,"href":"https:\/\/www.fazenda.niteroi.rj.gov.br\/site\/wp-json\/wp\/v2\/users\/18"}],"replies":[{"embeddable":true,"href":"https:\/\/www.fazenda.niteroi.rj.gov.br\/site\/wp-json\/wp\/v2\/comments?post=20473"}],"version-history":[{"count":1,"href":"https:\/\/www.fazenda.niteroi.rj.gov.br\/site\/wp-json\/wp\/v2\/posts\/20473\/revisions"}],"predecessor-version":[{"id":20476,"href":"https:\/\/www.fazenda.niteroi.rj.gov.br\/site\/wp-json\/wp\/v2\/posts\/20473\/revisions\/20476"}],"wp:featuredmedia":[{"embeddable":true,"href":"https:\/\/www.fazenda.niteroi.rj.gov.br\/site\/wp-json\/wp\/v2\/media\/20475"}],"wp:attachment":[{"href":"https:\/\/www.fazenda.niteroi.rj.gov.br\/site\/wp-json\/wp\/v2\/media?parent=20473"}],"wp:term":[{"taxonomy":"category","embeddable":true,"href":"https:\/\/www.fazenda.niteroi.rj.gov.br\/site\/wp-json\/wp\/v2\/categories?post=20473"},{"taxonomy":"post_tag","embeddable":true,"href":"https:\/\/www.fazenda.niteroi.rj.gov.br\/site\/wp-json\/wp\/v2\/tags?post=20473"}],"curies":[{"name":"wp","href":"https:\/\/api.w.org\/{rel}","templated":true}]}}