{"id":20496,"date":"2022-10-25T09:46:32","date_gmt":"2022-10-25T12:46:32","guid":{"rendered":"https:\/\/www.fazenda.niteroi.rj.gov.br\/site\/?p=20496"},"modified":"2022-10-25T10:23:02","modified_gmt":"2022-10-25T13:23:02","slug":"pauta-para-o-dia-26-de-outubro-de-2022","status":"publish","type":"post","link":"https:\/\/www.fazenda.niteroi.rj.gov.br\/site\/pauta-para-o-dia-26-de-outubro-de-2022\/","title":{"rendered":"PAUTA PARA O DIA 26 DE OUTUBRO DE 2022"},"content":{"rendered":"\n<p><strong>PREFEITURA MUNICIPAL DE NITER\u00d3I<\/strong><\/p>\n\n\n\n<p><strong><u>SECRETARIA MUNICIPAL DE FAZENDA<\/u><\/strong><strong><\/strong><\/p>\n\n\n\n<p><strong><u>CONSELHO DE CONTRIBUINTES DO MUNIC\u00cdPIO DE NITER\u00d3I &#8211; FCCN<\/u><\/strong><\/p>\n\n\n\n<p><strong>REUNI\u00c3O VIRTUAL PARA JULGAMENTO DE RECURSOS, A SER REALIZADA NO DIA 26 DE OUTUBRO DE 2022, COM IN\u00cdCIO AS 10:00 HORAS.<\/strong><\/p>\n\n\n\n<p><strong><u>Pauta de julgamento &#8211; Sess\u00e3o Virtual<\/u><\/strong><\/p>\n\n\n\n<p><strong>(Art. 15, parag. 3\u00b0, da Lei 2.228\/2005, Art. 76 do Decreto 9.735\/2005 e art. 4\u00ba da Resolu\u00e7\u00e3o n\u00ba 01\/2020 do Conselho de Contribuintes do Munic\u00edpio de Niter\u00f3i)<\/strong><\/p>\n\n\n\n<p><strong><u>1.377\u00aa Sess\u00e3o Ordin\u00e1ria:<\/u><\/strong><\/p>\n\n\n\n<ol class=\"wp-block-list\" type=\"1\"><li><strong>PROCESSO: &#8211; 030\/012.265\/2021<\/strong><\/li><\/ol>\n\n\n\n<p>      &nbsp;  RECORRENTE: &#8211; ALL SPACE MOBILI\u00c1RIO URBANO DE NITER\u00d3I LTDA<\/p>\n\n\n\n<p>&nbsp;        RECORRIDO: SECRETARIA MUNICIPAL DE FAZENDA<\/p>\n\n\n\n<p>&nbsp;        REP. DA FAZENDA: ANDR\u00c9 LUIS CARDOSO PIRES<\/p>\n\n\n\n<p>&nbsp;        RELATOR: FRANCISCO DA CUNHA FERRERA<\/p>\n\n\n\n<p>         REVISOR: EDUARDO SOBRAL TAVARES<\/p>\n\n\n\n<p>2. <strong>PROCESSO: &#8211; 030\/012.264\/2021<\/strong><\/p>\n\n\n\n<p>&nbsp;RECORRENTE: &#8211; ALL SPACE MOBILI\u00c1RIO URBANO DE NITER\u00d3I LTDA<\/p>\n\n\n\n<p>&nbsp;RECORRIDO: SECRETARIA MUNICIPAL DE FAZENDA<\/p>\n\n\n\n<p>&nbsp;REP. DA FAZENDA: ANDR\u00c9 LUIS CARDOSO PIRES<\/p>\n\n\n\n<p>&nbsp;RELATOR: FRANCISCO DA CUNHA FERRERA<\/p>\n\n\n\n<p>REVISOR: EDUARDO SOBRAL TAVARES<\/p>\n\n\n\n<p>3. &nbsp;<strong>PROCESSO: &#8211; 030\/006.887\/2017 (ESPELHO 030\/010.865\/2021)<\/strong><\/p>\n\n\n\n<p>     RECORRENTE: &#8211; MARIA LEONOR PAREJA<\/p>\n\n\n\n<p>     RECORIDO: &#8211; SECRETARIA MUNICIPAL DE FAZENDA<\/p>\n\n\n\n<p>     REP. DA FAZENDA: &#8211; ANDR\u00c9 LUIS CARDOSO PIRES<\/p>\n\n\n\n<p>     RELATOR: &#8211; FRANCISCO DA CUNHA FERREIRA<\/p>\n\n\n\n<p>&nbsp;&nbsp; CC. EM 24 DE OUTUBRO DE 2022<\/p>\n","protected":false},"excerpt":{"rendered":"<p>PREFEITURA MUNICIPAL DE NITER\u00d3I SECRETARIA MUNICIPAL DE FAZENDA CONSELHO DE CONTRIBUINTES DO MUNIC\u00cdPIO DE NITER\u00d3I &#8211; FCCN REUNI\u00c3O VIRTUAL PARA JULGAMENTO DE RECURSOS, A SER REALIZADA NO DIA 26 DE [&hellip;]<\/p>\n","protected":false},"author":4,"featured_media":0,"comment_status":"closed","ping_status":"closed","sticky":false,"template":"","format":"standard","meta":{"_et_pb_use_builder":"","_et_pb_old_content":"","_et_gb_content_width":"","_usar_header_alternativo":false,"footnotes":""},"categories":[126,132],"tags":[],"class_list":["post-20496","post","type-post","status-publish","format-standard","hentry","category-ccn","category-pautas","et-doesnt-have-format-content","et_post_format-et-post-format-standard"],"_links":{"self":[{"href":"https:\/\/www.fazenda.niteroi.rj.gov.br\/site\/wp-json\/wp\/v2\/posts\/20496","targetHints":{"allow":["GET"]}}],"collection":[{"href":"https:\/\/www.fazenda.niteroi.rj.gov.br\/site\/wp-json\/wp\/v2\/posts"}],"about":[{"href":"https:\/\/www.fazenda.niteroi.rj.gov.br\/site\/wp-json\/wp\/v2\/types\/post"}],"author":[{"embeddable":true,"href":"https:\/\/www.fazenda.niteroi.rj.gov.br\/site\/wp-json\/wp\/v2\/users\/4"}],"replies":[{"embeddable":true,"href":"https:\/\/www.fazenda.niteroi.rj.gov.br\/site\/wp-json\/wp\/v2\/comments?post=20496"}],"version-history":[{"count":2,"href":"https:\/\/www.fazenda.niteroi.rj.gov.br\/site\/wp-json\/wp\/v2\/posts\/20496\/revisions"}],"predecessor-version":[{"id":20499,"href":"https:\/\/www.fazenda.niteroi.rj.gov.br\/site\/wp-json\/wp\/v2\/posts\/20496\/revisions\/20499"}],"wp:attachment":[{"href":"https:\/\/www.fazenda.niteroi.rj.gov.br\/site\/wp-json\/wp\/v2\/media?parent=20496"}],"wp:term":[{"taxonomy":"category","embeddable":true,"href":"https:\/\/www.fazenda.niteroi.rj.gov.br\/site\/wp-json\/wp\/v2\/categories?post=20496"},{"taxonomy":"post_tag","embeddable":true,"href":"https:\/\/www.fazenda.niteroi.rj.gov.br\/site\/wp-json\/wp\/v2\/tags?post=20496"}],"curies":[{"name":"wp","href":"https:\/\/api.w.org\/{rel}","templated":true}]}}