{"id":20516,"date":"2022-11-01T09:37:48","date_gmt":"2022-11-01T12:37:48","guid":{"rendered":"https:\/\/www.fazenda.niteroi.rj.gov.br\/site\/?p=20516"},"modified":"2022-11-01T09:38:08","modified_gmt":"2022-11-01T12:38:08","slug":"agenda-01-11-2022-terca-feira","status":"publish","type":"post","link":"https:\/\/www.fazenda.niteroi.rj.gov.br\/site\/agenda-01-11-2022-terca-feira\/","title":{"rendered":"Agenda 01\/11\/2022 Ter\u00e7a-Feira"},"content":{"rendered":"\n<p>11h<br>Reuni\u00e3o com o Prefeito<br>Local: Gabinete do Prefeito<\/p>\n\n\n\n<p><br>14h<br>Realiza\u00e7\u00e3o da Rotina de Pagamento<\/p>\n\n\n\n<p>15h<br>Reuni\u00e3o com Subs. de Moderniza\u00e7\u00e3o Nat\u00e1lia Cardoso, Subs de Receitas Sr. Juan Rodrigues, Fiscal Thiago Visconti<br>Pauta: Carn\u00ea de IPTU<br>Local: SMF<\/p>\n\n\n\n<p>15h30<br>Despacho Controle Interno<\/p>\n\n\n\n<p>16h<br>Despacho SSCONT e SUBFIN<br>Local: SMF<\/p>\n","protected":false},"excerpt":{"rendered":"<p>11hReuni\u00e3o com o PrefeitoLocal: Gabinete do Prefeito 14hRealiza\u00e7\u00e3o da Rotina de Pagamento 15hReuni\u00e3o com Subs. de Moderniza\u00e7\u00e3o Nat\u00e1lia Cardoso, Subs de Receitas Sr. Juan Rodrigues, Fiscal Thiago ViscontiPauta: Carn\u00ea de [&hellip;]<\/p>\n","protected":false},"author":20,"featured_media":0,"comment_status":"closed","ping_status":"closed","sticky":false,"template":"","format":"standard","meta":{"_et_pb_use_builder":"","_et_pb_old_content":"","_et_gb_content_width":"","_usar_header_alternativo":false,"footnotes":""},"categories":[394],"tags":[397,452],"class_list":["post-20516","post","type-post","status-publish","format-standard","hentry","category-agenda","tag-agenda-da-secretaria","tag-transparencia","et-doesnt-have-format-content","et_post_format-et-post-format-standard"],"_links":{"self":[{"href":"https:\/\/www.fazenda.niteroi.rj.gov.br\/site\/wp-json\/wp\/v2\/posts\/20516","targetHints":{"allow":["GET"]}}],"collection":[{"href":"https:\/\/www.fazenda.niteroi.rj.gov.br\/site\/wp-json\/wp\/v2\/posts"}],"about":[{"href":"https:\/\/www.fazenda.niteroi.rj.gov.br\/site\/wp-json\/wp\/v2\/types\/post"}],"author":[{"embeddable":true,"href":"https:\/\/www.fazenda.niteroi.rj.gov.br\/site\/wp-json\/wp\/v2\/users\/20"}],"replies":[{"embeddable":true,"href":"https:\/\/www.fazenda.niteroi.rj.gov.br\/site\/wp-json\/wp\/v2\/comments?post=20516"}],"version-history":[{"count":1,"href":"https:\/\/www.fazenda.niteroi.rj.gov.br\/site\/wp-json\/wp\/v2\/posts\/20516\/revisions"}],"predecessor-version":[{"id":20517,"href":"https:\/\/www.fazenda.niteroi.rj.gov.br\/site\/wp-json\/wp\/v2\/posts\/20516\/revisions\/20517"}],"wp:attachment":[{"href":"https:\/\/www.fazenda.niteroi.rj.gov.br\/site\/wp-json\/wp\/v2\/media?parent=20516"}],"wp:term":[{"taxonomy":"category","embeddable":true,"href":"https:\/\/www.fazenda.niteroi.rj.gov.br\/site\/wp-json\/wp\/v2\/categories?post=20516"},{"taxonomy":"post_tag","embeddable":true,"href":"https:\/\/www.fazenda.niteroi.rj.gov.br\/site\/wp-json\/wp\/v2\/tags?post=20516"}],"curies":[{"name":"wp","href":"https:\/\/api.w.org\/{rel}","templated":true}]}}