{"id":20565,"date":"2022-11-07T16:08:07","date_gmt":"2022-11-07T19:08:07","guid":{"rendered":"https:\/\/www.fazenda.niteroi.rj.gov.br\/site\/?p=20565"},"modified":"2022-11-09T13:00:47","modified_gmt":"2022-11-09T16:00:47","slug":"prefeitura-municipal-de-niteroi-3","status":"publish","type":"post","link":"https:\/\/www.fazenda.niteroi.rj.gov.br\/site\/prefeitura-municipal-de-niteroi-3\/","title":{"rendered":"<strong>PREFEITURA MUNICIPAL DE NITER\u00d3I<\/strong>"},"content":{"rendered":"\n<p><strong><u>SECRETARIA MUNICIPAL DE FAZENDA<\/u><\/strong><strong><\/strong><\/p>\n\n\n\n<p><strong><u>CONSELHO DE CONTRIBUINTES DO MUNIC\u00cdPIO DE NITER\u00d3I &#8211; FCCN<\/u><\/strong><\/p>\n\n\n\n<p><strong>REUNI\u00c3O VIRTUAL PARA JULGAMENTO DE RECURSOS, A SER REALIZADA NO DIA 09 DE NOVEMBRO DE 2022, COM IN\u00cdCIO AS 10:00 HORAS.<\/strong><\/p>\n\n\n\n<p><strong><u>Pauta de julgamento &#8211; Sess\u00e3o Virtual<\/u><\/strong><\/p>\n\n\n\n<p><strong>(Art. 15, parag. 3\u00b0, da Lei 2.228\/2005, Art. 76 do Decreto 9.735\/2005 e art. 4\u00ba da Resolu\u00e7\u00e3o n\u00ba 01\/2020 do Conselho de Contribuintes do Munic\u00edpio de Niter\u00f3i)<\/strong><\/p>\n\n\n\n<p><strong><u>1.379\u00aa Sess\u00e3o Ordin\u00e1ria:<\/u><\/strong><\/p>\n\n\n\n<ul class=\"wp-block-list\"><li>    <strong>PROCESSO: 030\/023.269\/2018 (ESPELHO 030\/015.489\/2021)<\/strong><\/li><\/ul>\n\n\n\n<p>&nbsp;&nbsp;&nbsp;&nbsp; RECORRENTE: &#8211; ALEXANDRE POYARES NOLASCO<\/p>\n\n\n\n<p>&nbsp;&nbsp;&nbsp;&nbsp; RECORRIDO: SECRETARIA MUNICIPAL DE FAZENDA<\/p>\n\n\n\n<p>&nbsp;&nbsp;&nbsp;&nbsp; REP. DA FAZENDA: ANDR\u00c9 LUIS CARDOSO PIRES<\/p>\n\n\n\n<p>&nbsp;&nbsp;&nbsp;&nbsp; RELATOR: LUIZ ALBERTO SOARES<\/p>\n\n\n\n<ul class=\"wp-block-list\"><li><strong>PROCESSO: &#8211; 030\/014.962\/2016 (030\/015.468\/2021)<\/strong><strong><\/strong><\/li><\/ul>\n\n\n\n<p>&nbsp;&nbsp;&nbsp;&nbsp; RECORRENTE: &#8211; &nbsp;AMPLA ENERGIA E SERVI\u00c7OS S\/A<\/p>\n\n\n\n<p>&nbsp;&nbsp;&nbsp;&nbsp; RECORRIDO: SECRETARIA MUNICIPAL DE FAZENDA<\/p>\n\n\n\n<p>&nbsp;&nbsp;&nbsp;&nbsp; REP. DA FAZENDA: RAFAEL HENZE PIMENTEL<\/p>\n\n\n\n<p>&nbsp;&nbsp;&nbsp;&nbsp; RELATOR: ROBERTO PEDREIRA CURI<\/p>\n\n\n\n<ul class=\"wp-block-list\"><li>&nbsp;<strong>PROCESSO: &#8211; 030\/013.957\/2018<\/strong><\/li><\/ul>\n\n\n\n<p>&nbsp;&nbsp; &nbsp;RECORRENTE: &#8211; MILVIA MARIA DE CASTRO<\/p>\n\n\n\n<p>&nbsp;&nbsp;&nbsp; RECORRIDO: &#8211; SECRETARIA MUNICIPAL DE FAZENDA<\/p>\n\n\n\n<p>&nbsp;&nbsp;&nbsp; REP. DA FAZENDA: &#8211; MARCELLE BRAND\u00c3O<\/p>\n\n\n\n<p>&nbsp;&nbsp;&nbsp; RELATOR: &#8211; ROBERTO PEDREIRA FERREIRA CURI<\/p>\n\n\n\n<ul class=\"wp-block-list\"><li><strong>PROCESSO: &#8211; 030\/026.789\/2019<\/strong><\/li><\/ul>\n\n\n\n<p>&nbsp;&nbsp;&nbsp; RECORRENTE: &#8211; RIO ARTE NITER\u00d3I EIRELI<\/p>\n\n\n\n<p>&nbsp;&nbsp;&nbsp; RECORRIDO: &#8211; &nbsp;RAFAEL HENZE PIMENTEL<\/p>\n\n\n\n<p>&nbsp;&nbsp;&nbsp; RELATOR: &#8211; ROBERTO PEDREIRA FERREIRA CURI<\/p>\n\n\n\n<p>&nbsp;&nbsp; CC. EM 07 DE NOVEMBRO DE 2022<\/p>\n","protected":false},"excerpt":{"rendered":"<p>SECRETARIA MUNICIPAL DE FAZENDA CONSELHO DE CONTRIBUINTES DO MUNIC\u00cdPIO DE NITER\u00d3I &#8211; FCCN REUNI\u00c3O VIRTUAL PARA JULGAMENTO DE RECURSOS, A SER REALIZADA NO DIA 09 DE NOVEMBRO DE 2022, COM [&hellip;]<\/p>\n","protected":false},"author":27,"featured_media":0,"comment_status":"closed","ping_status":"closed","sticky":false,"template":"","format":"standard","meta":{"_et_pb_use_builder":"","_et_pb_old_content":"","_et_gb_content_width":"","_usar_header_alternativo":false,"footnotes":""},"categories":[126,132],"tags":[],"class_list":["post-20565","post","type-post","status-publish","format-standard","hentry","category-ccn","category-pautas","et-doesnt-have-format-content","et_post_format-et-post-format-standard"],"_links":{"self":[{"href":"https:\/\/www.fazenda.niteroi.rj.gov.br\/site\/wp-json\/wp\/v2\/posts\/20565","targetHints":{"allow":["GET"]}}],"collection":[{"href":"https:\/\/www.fazenda.niteroi.rj.gov.br\/site\/wp-json\/wp\/v2\/posts"}],"about":[{"href":"https:\/\/www.fazenda.niteroi.rj.gov.br\/site\/wp-json\/wp\/v2\/types\/post"}],"author":[{"embeddable":true,"href":"https:\/\/www.fazenda.niteroi.rj.gov.br\/site\/wp-json\/wp\/v2\/users\/27"}],"replies":[{"embeddable":true,"href":"https:\/\/www.fazenda.niteroi.rj.gov.br\/site\/wp-json\/wp\/v2\/comments?post=20565"}],"version-history":[{"count":2,"href":"https:\/\/www.fazenda.niteroi.rj.gov.br\/site\/wp-json\/wp\/v2\/posts\/20565\/revisions"}],"predecessor-version":[{"id":20596,"href":"https:\/\/www.fazenda.niteroi.rj.gov.br\/site\/wp-json\/wp\/v2\/posts\/20565\/revisions\/20596"}],"wp:attachment":[{"href":"https:\/\/www.fazenda.niteroi.rj.gov.br\/site\/wp-json\/wp\/v2\/media?parent=20565"}],"wp:term":[{"taxonomy":"category","embeddable":true,"href":"https:\/\/www.fazenda.niteroi.rj.gov.br\/site\/wp-json\/wp\/v2\/categories?post=20565"},{"taxonomy":"post_tag","embeddable":true,"href":"https:\/\/www.fazenda.niteroi.rj.gov.br\/site\/wp-json\/wp\/v2\/tags?post=20565"}],"curies":[{"name":"wp","href":"https:\/\/api.w.org\/{rel}","templated":true}]}}