{"id":20841,"date":"2022-12-21T09:44:23","date_gmt":"2022-12-21T12:44:23","guid":{"rendered":"https:\/\/www.fazenda.niteroi.rj.gov.br\/site\/?p=20841"},"modified":"2022-12-21T09:44:47","modified_gmt":"2022-12-21T12:44:47","slug":"agenda-21-12-2022-quarta-feira","status":"publish","type":"post","link":"https:\/\/www.fazenda.niteroi.rj.gov.br\/site\/agenda-21-12-2022-quarta-feira\/","title":{"rendered":"AGENDA 21.12.2022 \u2013 QUARTA-FEIRA"},"content":{"rendered":"\n<p>10h<br>Reuni\u00e3o com a Controladora Geral do Munic\u00edpio \u2013 Sra. Cristiane Mara R. Marcelino, Subs de Finan\u00e7as de Heitor Moreira, Subs de Contabilidade \u2013 Sra. Fernanda Rodrigues, Diretor de Controle Interno \u2013 Sr. Pedro Reys<br>Local: CGM<br>Pauta: Concilia\u00e7\u00e3o banc\u00e1ria e liquida\u00e7\u00e3o de processos<\/p>\n\n\n\n<p>12h<br>Reuni\u00e3o com a Secret\u00e1ria de Planejamento \u2013 Sra. Ellen Benedetti, Procurador Geral do Munic\u00edpio \u2013 Dr. Francisco Soares, Subs de Administra\u00e7\u00e3o \u2013 Sr. Rafael Saramago<br>Pauta: e-Niter\u00f3i<br>Local: SEPLAG<\/p>\n\n\n\n<p>14h<br>Reuni\u00e3o com o Instituto Rep\u00fablica<br>Pauta: Gest\u00e3o de pessoas<br>Videoconfer\u00eancia<\/p>\n","protected":false},"excerpt":{"rendered":"<p>10hReuni\u00e3o com a Controladora Geral do Munic\u00edpio \u2013 Sra. Cristiane Mara R. Marcelino, Subs de Finan\u00e7as de Heitor Moreira, Subs de Contabilidade \u2013 Sra. Fernanda Rodrigues, Diretor de Controle Interno [&hellip;]<\/p>\n","protected":false},"author":20,"featured_media":0,"comment_status":"closed","ping_status":"closed","sticky":false,"template":"","format":"standard","meta":{"_et_pb_use_builder":"","_et_pb_old_content":"","_et_gb_content_width":"","_usar_header_alternativo":false,"footnotes":""},"categories":[394],"tags":[397,452],"class_list":["post-20841","post","type-post","status-publish","format-standard","hentry","category-agenda","tag-agenda-da-secretaria","tag-transparencia","et-doesnt-have-format-content","et_post_format-et-post-format-standard"],"_links":{"self":[{"href":"https:\/\/www.fazenda.niteroi.rj.gov.br\/site\/wp-json\/wp\/v2\/posts\/20841","targetHints":{"allow":["GET"]}}],"collection":[{"href":"https:\/\/www.fazenda.niteroi.rj.gov.br\/site\/wp-json\/wp\/v2\/posts"}],"about":[{"href":"https:\/\/www.fazenda.niteroi.rj.gov.br\/site\/wp-json\/wp\/v2\/types\/post"}],"author":[{"embeddable":true,"href":"https:\/\/www.fazenda.niteroi.rj.gov.br\/site\/wp-json\/wp\/v2\/users\/20"}],"replies":[{"embeddable":true,"href":"https:\/\/www.fazenda.niteroi.rj.gov.br\/site\/wp-json\/wp\/v2\/comments?post=20841"}],"version-history":[{"count":1,"href":"https:\/\/www.fazenda.niteroi.rj.gov.br\/site\/wp-json\/wp\/v2\/posts\/20841\/revisions"}],"predecessor-version":[{"id":20842,"href":"https:\/\/www.fazenda.niteroi.rj.gov.br\/site\/wp-json\/wp\/v2\/posts\/20841\/revisions\/20842"}],"wp:attachment":[{"href":"https:\/\/www.fazenda.niteroi.rj.gov.br\/site\/wp-json\/wp\/v2\/media?parent=20841"}],"wp:term":[{"taxonomy":"category","embeddable":true,"href":"https:\/\/www.fazenda.niteroi.rj.gov.br\/site\/wp-json\/wp\/v2\/categories?post=20841"},{"taxonomy":"post_tag","embeddable":true,"href":"https:\/\/www.fazenda.niteroi.rj.gov.br\/site\/wp-json\/wp\/v2\/tags?post=20841"}],"curies":[{"name":"wp","href":"https:\/\/api.w.org\/{rel}","templated":true}]}}