{"id":20845,"date":"2022-12-20T09:45:49","date_gmt":"2022-12-20T12:45:49","guid":{"rendered":"https:\/\/www.fazenda.niteroi.rj.gov.br\/site\/?p=20845"},"modified":"2022-12-21T09:48:39","modified_gmt":"2022-12-21T12:48:39","slug":"agenda-20-12-2022-terca-feira","status":"publish","type":"post","link":"https:\/\/www.fazenda.niteroi.rj.gov.br\/site\/agenda-20-12-2022-terca-feira\/","title":{"rendered":"AGENDA 20.12.2022 \u2013 TER\u00c7A-FEIRA"},"content":{"rendered":"\n<p>10h<br>Reuni\u00e3o semipresencial com a Comiss\u00e3o de Tributa\u00e7\u00e3o, Controle da Arrecada\u00e7\u00e3o Estadual e de Fiscaliza\u00e7\u00e3o dos Tributos Estaduais da ALERJ<br>Pauta: Continua\u00e7\u00e3o do Projeto de Lei 6358\/2022<br>Local: Assembleia Legislativa \u2013 ALERJ \u2013 Edf. Lauro Costa \u2013 18\u00ba andar<br><\/p>\n\n\n\n<p>14h<br>Despacho Interno &#8211; Subsas de Moderniza\u00e7\u00e3o e Gest\u00e3o Fazend\u00e1ria \u2013 Nat\u00e1lia Cardoso, Contabilidade \u2013 Fernanda Rodrigues; e Diretor de Contabilidade &#8211; Thiago Pereira<br>Pauta: Encerramento do exerc\u00edcio\/Pend\u00eancias DBSELLER<\/p>\n\n\n\n<p>15h30<br>Despacho Interno &#8211; Subsos de Finan\u00e7as \u2013 Heitor Moreira, Contabilidade \u2013 Fernanda Rodrigues; Diretor de Controle Interno \u2013 Pedro da Silva Reys<br>Pauta: Pr\u00e9via para reuni\u00e3o com a CGM sobre Grupo de Trabalho concilia\u00e7\u00e3o banc\u00e1ria e liquida\u00e7\u00f5es de processos<\/p>\n\n\n\n<p>17h<br>Cerim\u00f4nia entrega de medalha Zilda Arns para Primeira Dama do Munic\u00edpio Sra. Christa Grael<br>Local: Solar do Jambeiro<\/p>\n\n\n\n<p>17h<br>Confraterniza\u00e7\u00e3o Secret\u00e1rios Municipais<br>Local: Z\u00e9firo Eventos &#8211; Estr. Gen. Eurico Gaspar Dutra, 4635-4699 &#8211; Jurujuba (Fortaleza de Santa Cruz)<\/p>\n","protected":false},"excerpt":{"rendered":"<p>10hReuni\u00e3o semipresencial com a Comiss\u00e3o de Tributa\u00e7\u00e3o, Controle da Arrecada\u00e7\u00e3o Estadual e de Fiscaliza\u00e7\u00e3o dos Tributos Estaduais da ALERJPauta: Continua\u00e7\u00e3o do Projeto de Lei 6358\/2022Local: Assembleia Legislativa \u2013 ALERJ \u2013 [&hellip;]<\/p>\n","protected":false},"author":20,"featured_media":0,"comment_status":"closed","ping_status":"closed","sticky":false,"template":"","format":"standard","meta":{"_et_pb_use_builder":"","_et_pb_old_content":"","_et_gb_content_width":"","_usar_header_alternativo":false,"footnotes":""},"categories":[394],"tags":[397,452],"class_list":["post-20845","post","type-post","status-publish","format-standard","hentry","category-agenda","tag-agenda-da-secretaria","tag-transparencia","et-doesnt-have-format-content","et_post_format-et-post-format-standard"],"_links":{"self":[{"href":"https:\/\/www.fazenda.niteroi.rj.gov.br\/site\/wp-json\/wp\/v2\/posts\/20845","targetHints":{"allow":["GET"]}}],"collection":[{"href":"https:\/\/www.fazenda.niteroi.rj.gov.br\/site\/wp-json\/wp\/v2\/posts"}],"about":[{"href":"https:\/\/www.fazenda.niteroi.rj.gov.br\/site\/wp-json\/wp\/v2\/types\/post"}],"author":[{"embeddable":true,"href":"https:\/\/www.fazenda.niteroi.rj.gov.br\/site\/wp-json\/wp\/v2\/users\/20"}],"replies":[{"embeddable":true,"href":"https:\/\/www.fazenda.niteroi.rj.gov.br\/site\/wp-json\/wp\/v2\/comments?post=20845"}],"version-history":[{"count":1,"href":"https:\/\/www.fazenda.niteroi.rj.gov.br\/site\/wp-json\/wp\/v2\/posts\/20845\/revisions"}],"predecessor-version":[{"id":20846,"href":"https:\/\/www.fazenda.niteroi.rj.gov.br\/site\/wp-json\/wp\/v2\/posts\/20845\/revisions\/20846"}],"wp:attachment":[{"href":"https:\/\/www.fazenda.niteroi.rj.gov.br\/site\/wp-json\/wp\/v2\/media?parent=20845"}],"wp:term":[{"taxonomy":"category","embeddable":true,"href":"https:\/\/www.fazenda.niteroi.rj.gov.br\/site\/wp-json\/wp\/v2\/categories?post=20845"},{"taxonomy":"post_tag","embeddable":true,"href":"https:\/\/www.fazenda.niteroi.rj.gov.br\/site\/wp-json\/wp\/v2\/tags?post=20845"}],"curies":[{"name":"wp","href":"https:\/\/api.w.org\/{rel}","templated":true}]}}