{"id":20954,"date":"2023-01-12T11:01:19","date_gmt":"2023-01-12T14:01:19","guid":{"rendered":"https:\/\/www.fazenda.niteroi.rj.gov.br\/site\/?p=20954"},"modified":"2023-01-12T11:06:15","modified_gmt":"2023-01-12T14:06:15","slug":"niteroi-lidera-ranking-estadual-de-melhor-ambiente-para-negocios","status":"publish","type":"post","link":"https:\/\/www.fazenda.niteroi.rj.gov.br\/site\/niteroi-lidera-ranking-estadual-de-melhor-ambiente-para-negocios\/","title":{"rendered":"<strong>Niter\u00f3i lidera ranking estadual de melhor ambiente para neg\u00f3cios<\/strong>"},"content":{"rendered":"\n<p><em>\u00cdndice de Concorr\u00eancia dos Munic\u00edpios Brasileiros (ICM) \u00e9 organizado pelo Minist\u00e9rio da Economia. Cidade \u00e9 a 3\u00aa melhor colocada da Regi\u00e3o Sudeste<\/em><\/p>\n\n\n\n<p>Niter\u00f3i teve posi\u00e7\u00e3o de destaque no \u00cdndice de Concorr\u00eancia dos Munic\u00edpios Brasileiros (ICM), levantamento feito pelo Minist\u00e9rio da Economia que avalia, de forma sistem\u00e1tica, cont\u00ednua e estruturada o ambiente de neg\u00f3cios dos munic\u00edpios brasileiros. A cidade ficou em 1\u00ba lugar entre os 92 munic\u00edpios de todo o estado do Rio de Janeiro, firmou-se em 3\u00ba entre os 1.668 da Regi\u00e3o Sudeste, e em 12\u00ba lugar no ranking geral.<\/p>\n\n\n\n<p>A pesquisa foi enviada para 119 munic\u00edpios brasileiros, totalizando 43% da popula\u00e7\u00e3o brasileira e o resultado foi informado na segunda-feira (9), pelo site do Minist\u00e9rio da Economia. Com a pontua\u00e7\u00e3o de 562,8, Niter\u00f3i supera, at\u00e9 mesmo, a pontua\u00e7\u00e3o m\u00e9dia nacional (473,9) e capitais como Rio de Janeiro (466,2) e S\u00e3o Paulo (532,58). O ICM tem como objetivo realizar uma avalia\u00e7\u00e3o, ampla e objetiva, do ambiente de neg\u00f3cios dos munic\u00edpios brasileiros, visando, a partir dos resultados, contribuir na formula\u00e7\u00e3o de pol\u00edticas p\u00fablicas e direcionar as boas pr\u00e1ticas observadas nas cidades.<\/p>\n\n\n\n<p>\u201cNiter\u00f3i \u00e9 a primeira do estado do Rio na pontua\u00e7\u00e3o geral e fica acima da m\u00e9dia nacional em diversos segmentos. Isso para n\u00f3s \u00e9 uma vit\u00f3ria, ainda mais nesse ano em que comemoramos os 450 anos da funda\u00e7\u00e3o da cidade. \u00c9 o resultado de todo esfor\u00e7o e planejamento, sobretudo na retomada p\u00f3s-pandemia. A Prefeitura promoveu com a sociedade o Pacto de Retomada Econ\u00f4mica que reuniu empreendedores e representantes da sociedade civil que movimentam a economia sustent\u00e1vel, com o objetivo de impulsionar Niter\u00f3i como uma cidade refer\u00eancia no desenvolvimento com responsabilidade ambiental\u201d, celebra o prefeito da cidade, Axel Grael.<\/p>\n\n\n\n<p>Niter\u00f3i se destaca nos seguintes temas: Empreendendo no Munic\u00edpio; Infraestrutura do Munic\u00edpio; Construindo no Munic\u00edpio, Qualidade da Regula\u00e7\u00e3o Urban\u00edstica; Liberdade Econ\u00f4mica; Concorr\u00eancia em Servi\u00e7os P\u00fablicos; Seguran\u00e7a Jur\u00eddica, Contratando com o Poder P\u00fablico e Tributa\u00e7\u00e3o.<\/p>\n\n\n\n<p>A secret\u00e1ria de Planejamento, Or\u00e7amento e Moderniza\u00e7\u00e3o da Gest\u00e3o, Ellen Benedetti, destaca que desde 2013 a Prefeitura de Niter\u00f3i est\u00e1 aprimorando a gest\u00e3o econ\u00f4mica da cidade com o objetivo de oferecer uma boa qualidade de vida para os moradores, mas tamb\u00e9m ser um munic\u00edpio de refer\u00eancia para os neg\u00f3cios, com grande atratividade.<\/p>\n\n\n\n<p>\u201cAl\u00e9m de organizar a gest\u00e3o fiscal do munic\u00edpio, investimos na desburocratiza\u00e7\u00e3o dos processos visando facilitar a abertura de novos neg\u00f3cios e atrair mais empregos para a cidade, bem como na transforma\u00e7\u00e3o digital do munic\u00edpio que permite maior agilidade, transpar\u00eancia e confian\u00e7a na presta\u00e7\u00e3o dos servi\u00e7os. Durante a pandemia, a Prefeitura ofereceu aux\u00edlios como o Empresa Cidad\u00e3 e o Supera Mais para apoiar as empresas durante o isolamento e, em 2021, lan\u00e7ou a Moeda Social Arariboia, um programa de distribui\u00e7\u00e3o de renda que prev\u00ea o uso do dinheiro nos com\u00e9rcios de Niter\u00f3i. S\u00e3o a\u00e7\u00f5es que fazem a diferen\u00e7a na vida dos moradores e na economia da cidade\u201d, aponta Benedetti.<\/p>\n\n\n\n<p>J\u00e1 Marilia Ortiz, secret\u00e1ria de Fazenda de Niter\u00f3i, celebra o fato de que, mais um ranking consolida Niter\u00f3i como uma cidade confi\u00e1vel para se investir.<\/p>\n\n\n\n<p>&#8220;A Lei de Desburocratiza\u00e7\u00e3o dos Alvar\u00e1s, sancionada em dezembro do ano passado, \u00e9 mais uma das iniciativas que reafirma a voca\u00e7\u00e3o de Niter\u00f3i como cidade empreendedora. Por meio dela, ser\u00e1 poss\u00edvel reduzir o tempo de abertura dos neg\u00f3cios de baixo e m\u00e9dio risco de 3 dias para at\u00e9 24 horas. Estamos trabalhando para melhorar cada vez mais a agilidade e a qualidade dos nossos servi\u00e7os, al\u00e9m de promover adequa\u00e7\u00f5es na legisla\u00e7\u00e3o local e investimentos para tornar Niter\u00f3i uma cidade cada vez mais pr\u00f3spera e atraente aos investidores privados\u201d, enfatiza Marilia.<\/p>\n\n\n\n<p>Dentre os temas avaliados, tamb\u00e9m s\u00e3o diagnosticados a qualidade da regula\u00e7\u00e3o urban\u00edstica dos munic\u00edpios, tendo por base a estrutura legislativa e fiscalizat\u00f3ria local; o acesso e a transpar\u00eancia dos procedimentos necess\u00e1rios ao licenciamento urban\u00edstico, privilegiando a competitividade, por meio de uma regula\u00e7\u00e3o justa; bem como os servi\u00e7os de recolhimento de res\u00edduos s\u00f3lidos, limpeza urbana, ilumina\u00e7\u00e3o p\u00fablica e educa\u00e7\u00e3o, contribuindo para a zeladoria e os cuidados no munic\u00edpio.<\/p>\n\n\n\n<p>\u201cNiter\u00f3i \u00e9 uma cidade com um IDH alto e pol\u00edticas p\u00fablicas s\u00e9rias voltadas para diversos segmentos. A cidade j\u00e1 ficou v\u00e1rias vezes entre os 100 maiores munic\u00edpios brasileiros como um bom lugar para se investir e viver. Com esse perfil, \u00e9 uma cidade que atrai muitos investidores e grandes marcas est\u00e3o em corredores comerciais. Isso tudo se deve ao fato de que, ao longo dos \u00faltimos anos, o poder p\u00fablico n\u00e3o cruzou os bra\u00e7os. Foi vision\u00e1rio e continua sendo. Quando existe alinhamento e conversa entre o poder p\u00fablico, o setor privado e a academia, o resultado \u00e9 muito positivo e \u00e9 isso que temos em Niter\u00f3i\u201d, diz o secret\u00e1rio de Desenvolvimento Econ\u00f4mico, Luiz Paulino Moreira Leite.<\/p>\n\n\n\n<p>De acordo com a publica\u00e7\u00e3o, todas as perguntas que comp\u00f5em os formul\u00e1rios utilizados foram estruturadas tendo por par\u00e2metro instrumentos internacionais como o Easiness of Doing Business, do Banco Mundial, o Product Market Regulation, da Organiza\u00e7\u00e3o para Coopera\u00e7\u00e3o e Desenvolvimento \u2013 OCDE, o Global Competitiveness Index, do F\u00f3rum Econ\u00f4mico Mundial, al\u00e9m de marcos regulat\u00f3rios dispostos em leis federais e princ\u00edpios gerais da livre concorr\u00eancia.&nbsp;<\/p>\n","protected":false},"excerpt":{"rendered":"<p>Niter\u00f3i teve posi\u00e7\u00e3o de destaque no \u00cdndice de Concorr\u00eancia dos Munic\u00edpios Brasileiros (ICM), levantamento feito pelo Minist\u00e9rio da Economia que avalia, de forma sistem\u00e1tica, cont\u00ednua e estruturada o ambiente de neg\u00f3cios dos munic\u00edpios brasileiros. <\/p>\n","protected":false},"author":18,"featured_media":20997,"comment_status":"closed","ping_status":"closed","sticky":false,"template":"","format":"standard","meta":{"_et_pb_use_builder":"","_et_pb_old_content":"","_et_gb_content_width":"","_usar_header_alternativo":false,"footnotes":""},"categories":[10],"tags":[],"class_list":["post-20954","post","type-post","status-publish","format-standard","has-post-thumbnail","hentry","category-noticias","et-has-post-format-content","et_post_format-et-post-format-standard"],"_links":{"self":[{"href":"https:\/\/www.fazenda.niteroi.rj.gov.br\/site\/wp-json\/wp\/v2\/posts\/20954","targetHints":{"allow":["GET"]}}],"collection":[{"href":"https:\/\/www.fazenda.niteroi.rj.gov.br\/site\/wp-json\/wp\/v2\/posts"}],"about":[{"href":"https:\/\/www.fazenda.niteroi.rj.gov.br\/site\/wp-json\/wp\/v2\/types\/post"}],"author":[{"embeddable":true,"href":"https:\/\/www.fazenda.niteroi.rj.gov.br\/site\/wp-json\/wp\/v2\/users\/18"}],"replies":[{"embeddable":true,"href":"https:\/\/www.fazenda.niteroi.rj.gov.br\/site\/wp-json\/wp\/v2\/comments?post=20954"}],"version-history":[{"count":2,"href":"https:\/\/www.fazenda.niteroi.rj.gov.br\/site\/wp-json\/wp\/v2\/posts\/20954\/revisions"}],"predecessor-version":[{"id":20999,"href":"https:\/\/www.fazenda.niteroi.rj.gov.br\/site\/wp-json\/wp\/v2\/posts\/20954\/revisions\/20999"}],"wp:featuredmedia":[{"embeddable":true,"href":"https:\/\/www.fazenda.niteroi.rj.gov.br\/site\/wp-json\/wp\/v2\/media\/20997"}],"wp:attachment":[{"href":"https:\/\/www.fazenda.niteroi.rj.gov.br\/site\/wp-json\/wp\/v2\/media?parent=20954"}],"wp:term":[{"taxonomy":"category","embeddable":true,"href":"https:\/\/www.fazenda.niteroi.rj.gov.br\/site\/wp-json\/wp\/v2\/categories?post=20954"},{"taxonomy":"post_tag","embeddable":true,"href":"https:\/\/www.fazenda.niteroi.rj.gov.br\/site\/wp-json\/wp\/v2\/tags?post=20954"}],"curies":[{"name":"wp","href":"https:\/\/api.w.org\/{rel}","templated":true}]}}