{"id":21048,"date":"2023-01-19T09:20:18","date_gmt":"2023-01-19T12:20:18","guid":{"rendered":"https:\/\/www.fazenda.niteroi.rj.gov.br\/site\/?p=21048"},"modified":"2023-01-19T09:20:53","modified_gmt":"2023-01-19T12:20:53","slug":"agenda-19-01-2023","status":"publish","type":"post","link":"https:\/\/www.fazenda.niteroi.rj.gov.br\/site\/agenda-19-01-2023\/","title":{"rendered":"AGENDA 19.01.2023"},"content":{"rendered":"\n<p>10h<\/p>\n\n\n\n<p>Reuni\u00e3o com os Procuradores \u2013 Dr. Francisco Soares e Dr. Felipe Mahfuz, Subs. de Contabilidade, sra. Fernanda Rodrigues e o Diretor de Controle Interno, sr. Pedro Reys<\/p>\n\n\n\n<p>Pauta: Cr\u00e9ditos Tribut\u00e1rios e provis\u00f5es judiciais<\/p>\n\n\n\n<p>Local: SMF<\/p>\n\n\n\n<p>12h<\/p>\n\n\n\n<p>Reuni\u00e3o com a Secret\u00e1ria de Planejamento, sra. Ellen Benedetti e com a Controladora Geral do Munic\u00edpio, sra. Cristiane Marcelino<\/p>\n\n\n\n<p>14h<\/p>\n\n\n\n<p>Reuni\u00e3o com a Ag\u00eancia Ag\u00eancia Moodys<\/p>\n\n\n\n<p>Pauta: Avalia\u00e7\u00e3o de Risco de Niter\u00f3i<\/p>\n\n\n\n<p>Local: SMF<\/p>\n\n\n\n<p>17h<\/p>\n\n\n\n<p>Visita t\u00e9cnica e ordem de In\u00edcio da Renaturaliza\u00e7\u00e3o do Rio Jacar\u00e9<\/p>\n\n\n\n<p>Local: Quadra esportiva do Bairro Jacar\u00e9 &#8211; Estrada Frei Orlando<\/p>\n","protected":false},"excerpt":{"rendered":"<p>10h Reuni\u00e3o com os Procuradores \u2013 Dr. Francisco Soares e Dr. Felipe Mahfuz, Subs. de Contabilidade, sra. Fernanda Rodrigues e o Diretor de Controle Interno, sr. Pedro Reys Pauta: Cr\u00e9ditos [&hellip;]<\/p>\n","protected":false},"author":18,"featured_media":12299,"comment_status":"closed","ping_status":"closed","sticky":false,"template":"","format":"standard","meta":{"_et_pb_use_builder":"","_et_pb_old_content":"","_et_gb_content_width":"","_usar_header_alternativo":false,"footnotes":""},"categories":[394],"tags":[397,452],"class_list":["post-21048","post","type-post","status-publish","format-standard","has-post-thumbnail","hentry","category-agenda","tag-agenda-da-secretaria","tag-transparencia","et-has-post-format-content","et_post_format-et-post-format-standard"],"_links":{"self":[{"href":"https:\/\/www.fazenda.niteroi.rj.gov.br\/site\/wp-json\/wp\/v2\/posts\/21048","targetHints":{"allow":["GET"]}}],"collection":[{"href":"https:\/\/www.fazenda.niteroi.rj.gov.br\/site\/wp-json\/wp\/v2\/posts"}],"about":[{"href":"https:\/\/www.fazenda.niteroi.rj.gov.br\/site\/wp-json\/wp\/v2\/types\/post"}],"author":[{"embeddable":true,"href":"https:\/\/www.fazenda.niteroi.rj.gov.br\/site\/wp-json\/wp\/v2\/users\/18"}],"replies":[{"embeddable":true,"href":"https:\/\/www.fazenda.niteroi.rj.gov.br\/site\/wp-json\/wp\/v2\/comments?post=21048"}],"version-history":[{"count":1,"href":"https:\/\/www.fazenda.niteroi.rj.gov.br\/site\/wp-json\/wp\/v2\/posts\/21048\/revisions"}],"predecessor-version":[{"id":21049,"href":"https:\/\/www.fazenda.niteroi.rj.gov.br\/site\/wp-json\/wp\/v2\/posts\/21048\/revisions\/21049"}],"wp:featuredmedia":[{"embeddable":true,"href":"https:\/\/www.fazenda.niteroi.rj.gov.br\/site\/wp-json\/wp\/v2\/media\/12299"}],"wp:attachment":[{"href":"https:\/\/www.fazenda.niteroi.rj.gov.br\/site\/wp-json\/wp\/v2\/media?parent=21048"}],"wp:term":[{"taxonomy":"category","embeddable":true,"href":"https:\/\/www.fazenda.niteroi.rj.gov.br\/site\/wp-json\/wp\/v2\/categories?post=21048"},{"taxonomy":"post_tag","embeddable":true,"href":"https:\/\/www.fazenda.niteroi.rj.gov.br\/site\/wp-json\/wp\/v2\/tags?post=21048"}],"curies":[{"name":"wp","href":"https:\/\/api.w.org\/{rel}","templated":true}]}}