{"id":21128,"date":"2023-01-30T17:12:52","date_gmt":"2023-01-30T20:12:52","guid":{"rendered":"https:\/\/www.fazenda.niteroi.rj.gov.br\/site\/?p=21128"},"modified":"2023-01-30T17:13:08","modified_gmt":"2023-01-30T20:13:08","slug":"pauta-de-julgamento-para-o-dia-01-de-fevereiro-de-2023-2","status":"publish","type":"post","link":"https:\/\/www.fazenda.niteroi.rj.gov.br\/site\/pauta-de-julgamento-para-o-dia-01-de-fevereiro-de-2023-2\/","title":{"rendered":"PAUTA DE JULGAMENTO PARA O DIA 01 DE FEVEREIRO DE 2023"},"content":{"rendered":"\n<p><strong>PREFEITURA MUNICIPAL DE NIEROI<\/strong><\/p>\n\n\n\n<p><strong><u>SECRETARIA MUNICIPAL DE FAZENDA<\/u><\/strong><strong><\/strong><\/p>\n\n\n\n<p><strong><u>CONSELHO DE CONTRIBUINTES DO MUNIC\u00cdPIO DE NITER\u00d3I &#8211; FCCN<\/u><\/strong><\/p>\n\n\n\n<p><strong>REUNI\u00c3O VIRTUAL PARA JULGAMENTO DE RECURSOS, A SER REALIZADA NO DIA 01 DE FEVERIRO DE 2023, COM IN\u00cdCIO AS 10:00 HORAS.<\/strong><\/p>\n\n\n\n<p><strong><u>Pauta de julgamento &#8211; Sess\u00e3o Virtual <\/u><\/strong><strong>(Art. 15, parag. 3\u00b0, da Lei 2.228\/2005, Art. 76 do Decreto 9.735\/2005 e art. 4\u00ba da Resolu\u00e7\u00e3o n\u00ba 01\/2020 do Conselho de Contribuintes do Munic\u00edpio de Niter\u00f3i)<\/strong><\/p>\n\n\n\n<p><strong><u>1.396\u00aa Sess\u00e3o Ordin\u00e1ria:<\/u><\/strong><\/p>\n\n\n\n<p><strong>1. PROCESSO:&nbsp; 030\/15.588\/2019<\/strong><\/p>\n\n\n\n<p><strong>RECORRENTE: SECRETARIA MUNICIPAL DE FAZENDA &nbsp;<\/strong><\/p>\n\n\n\n<p><strong>RECORRIDO: &#8211; MGC BRASIL CONSTRU\u00c7\u00d5ES E SERVI\u00c7OS LTDA &nbsp;<\/strong><\/p>\n\n\n\n<p><strong>REP. DA FAZENDA: RAFAEL HENZE PIMENTEL<\/strong><\/p>\n\n\n\n<p><strong>RELATOR: LUIZ ALBERTO SOARES<\/strong><\/p>\n\n\n\n<p><strong>2. PROCESSO: 030\/013.625\/2019<\/strong><\/p>\n\n\n\n<p><strong>RECORRENTE: SECRETARIA MUNICIPAL DE FAZENDA<\/strong><\/p>\n\n\n\n<p><strong>RECORRIDO: &#8211; MGC BRASIL CONSTRU\u00c7\u00d5ES E SERVI\u00c7OS LTDA<\/strong><\/p>\n\n\n\n<p><strong>REP. DA FAZENDA: RAFAEL HENZE PIMENTEL<\/strong><\/p>\n\n\n\n<p><strong>RELATOR: LUIZ ALBERTO SOARES<\/strong><\/p>\n\n\n\n<p><strong>3. PROCESSO 030\/024.929\/2019<\/strong><\/p>\n\n\n\n<p><strong>RECORRENTE: CENTRO DE OLHOS AVENIDA SETE DE SETEMBRO LTDA<\/strong><\/p>\n\n\n\n<p><strong>RECORRIDO: SECRETARIA MUNICIPAL DE FAZENDA<\/strong><\/p>\n\n\n\n<p><strong>REP. DA FAZENDA: RAFAEL HENZE PIMENTEL<\/strong><\/p>\n\n\n\n<p><strong>RELATOR: PAULINO GON\u00c7ALVES MOREIRA LEITE FILHO<\/strong><\/p>\n\n\n\n<p><strong>REVISOR: M\u00c1RCIO MATEUS DE MACEDO<\/strong><\/p>\n\n\n\n<p><strong>CC EM 30 DE JANEIRO DE 2023<\/strong><\/p>\n","protected":false},"excerpt":{"rendered":"<p>PREFEITURA MUNICIPAL DE NIEROI SECRETARIA MUNICIPAL DE FAZENDA CONSELHO DE CONTRIBUINTES DO MUNIC\u00cdPIO DE NITER\u00d3I &#8211; FCCN REUNI\u00c3O VIRTUAL PARA JULGAMENTO DE RECURSOS, A SER REALIZADA NO DIA 01 DE [&hellip;]<\/p>\n","protected":false},"author":4,"featured_media":0,"comment_status":"closed","ping_status":"closed","sticky":false,"template":"","format":"standard","meta":{"_et_pb_use_builder":"","_et_pb_old_content":"","_et_gb_content_width":"","_usar_header_alternativo":false,"footnotes":""},"categories":[126,132],"tags":[],"class_list":["post-21128","post","type-post","status-publish","format-standard","hentry","category-ccn","category-pautas","et-doesnt-have-format-content","et_post_format-et-post-format-standard"],"_links":{"self":[{"href":"https:\/\/www.fazenda.niteroi.rj.gov.br\/site\/wp-json\/wp\/v2\/posts\/21128","targetHints":{"allow":["GET"]}}],"collection":[{"href":"https:\/\/www.fazenda.niteroi.rj.gov.br\/site\/wp-json\/wp\/v2\/posts"}],"about":[{"href":"https:\/\/www.fazenda.niteroi.rj.gov.br\/site\/wp-json\/wp\/v2\/types\/post"}],"author":[{"embeddable":true,"href":"https:\/\/www.fazenda.niteroi.rj.gov.br\/site\/wp-json\/wp\/v2\/users\/4"}],"replies":[{"embeddable":true,"href":"https:\/\/www.fazenda.niteroi.rj.gov.br\/site\/wp-json\/wp\/v2\/comments?post=21128"}],"version-history":[{"count":1,"href":"https:\/\/www.fazenda.niteroi.rj.gov.br\/site\/wp-json\/wp\/v2\/posts\/21128\/revisions"}],"predecessor-version":[{"id":21129,"href":"https:\/\/www.fazenda.niteroi.rj.gov.br\/site\/wp-json\/wp\/v2\/posts\/21128\/revisions\/21129"}],"wp:attachment":[{"href":"https:\/\/www.fazenda.niteroi.rj.gov.br\/site\/wp-json\/wp\/v2\/media?parent=21128"}],"wp:term":[{"taxonomy":"category","embeddable":true,"href":"https:\/\/www.fazenda.niteroi.rj.gov.br\/site\/wp-json\/wp\/v2\/categories?post=21128"},{"taxonomy":"post_tag","embeddable":true,"href":"https:\/\/www.fazenda.niteroi.rj.gov.br\/site\/wp-json\/wp\/v2\/tags?post=21128"}],"curies":[{"name":"wp","href":"https:\/\/api.w.org\/{rel}","templated":true}]}}