{"id":21154,"date":"2023-02-02T17:47:20","date_gmt":"2023-02-02T20:47:20","guid":{"rendered":"https:\/\/www.fazenda.niteroi.rj.gov.br\/site\/?p=21154"},"modified":"2023-02-02T18:05:24","modified_gmt":"2023-02-02T21:05:24","slug":"prazo-para-ter-desconto-de-8-no-pagamento-em-cota-unica-do-iptu-2023-termina-na-segunda-feira-6","status":"publish","type":"post","link":"https:\/\/www.fazenda.niteroi.rj.gov.br\/site\/prazo-para-ter-desconto-de-8-no-pagamento-em-cota-unica-do-iptu-2023-termina-na-segunda-feira-6\/","title":{"rendered":"Prazo para ter desconto de 8% no pagamento em cota \u00fanica do IPTU 2023 termina na segunda-feira (6)"},"content":{"rendered":"\n<p><em>Pagamento em 11 parcelas mensais iguais come\u00e7a no pr\u00f3ximo dia 10<\/em><em><\/em><\/p>\n\n\n\n<p>Termina nesta segunda-feira (6) o prazo para que os contribuintes de Niter\u00f3i que quitarem o IPTU em cota \u00fanica tenham um desconto de 8%. Para os contribuintes que pagarem o imposto em cota \u00fanica, que fizeram a Declara\u00e7\u00e3o de Informa\u00e7\u00e3o Cadastral do Im\u00f3vel (DeCad) e que est\u00e3o inclu\u00eddos no benef\u00edcio da Lei do Bom Pagador, o desconto chega a 12,6%. N\u00e3o houve aumento real do IPTU. Apenas foi aplicado o reajuste de acordo com a infla\u00e7\u00e3o.<\/p>\n\n\n\n<p>A Secretaria Municipal de Fazenda (SMF) esclarece que todos os contribuintes titulares de im\u00f3veis que fizeram a atualiza\u00e7\u00e3o de suas informa\u00e7\u00f5es pessoais (DeCad) dentro do prazo legal definido ter\u00e3o direito ao desconto de 2% no valor do IPTU do exerc\u00edcio de 2023. E caso o contribuinte esteja adimplente com todas as cotas do imposto de 2022, conforme a Lei do Bom Pagador (3.663\/2021), poder\u00e1 acumular o desconto de 3%. Os descontos estar\u00e3o discriminados na carta do IPTU, na se\u00e7\u00e3o \u201cinforma\u00e7\u00f5es do im\u00f3vel\u201d.<\/p>\n\n\n\n<p>Para os contribuintes que optarem pelo pagamento em 11 parcelas mensais iguais, de fevereiro a dezembro, o primeiro vencimento ser\u00e1 no dia 10 de fevereiro. Para quaisquer esclarecimentos sobre o IPTU, o contribuinte pode procurar a Central de Atendimento ao Cidad\u00e3o, na sede da SMF (Rua da Concei\u00e7\u00e3o, n\u00ba 100) ou enviar mensagem para o e-mail&nbsp;<a href=\"mailto:cac@fazenda.niteroi.rj.gov.br\" target=\"_blank\" rel=\"noreferrer noopener\">cac@fazenda.niteroi.rj.gov.br<\/a>. Os atendimentos presenciais s\u00e3o agendados por meio do Portal de Servi\u00e7os da Prefeitura (<a href=\"https:\/\/servicos.niteroi.rj.gov.br\/\" target=\"_blank\" rel=\"noreferrer noopener\">https:\/\/servicos.niteroi.rj.gov.br\/<\/a>). A Secretaria Municipal de Fazenda tamb\u00e9m disponibiliza, na sede da institui\u00e7\u00e3o, tr\u00eas totens de autoatendimento para emiss\u00e3o da segunda via do IPTU.<\/p>\n\n\n\n<p>Em 2023, a Prefeitura de Niter\u00f3i adotou uma nova guia de cobran\u00e7a do IPTU. A guia em formato de carta passa a ter uma \u00fanica folha com o QR Code para o pagamento via PIX da cota \u00fanica e c\u00f3digos de barras para pagamento das cotas mensais. O novo formato mant\u00e9m as informa\u00e7\u00f5es do antigo carn\u00ea, como o valor venal do im\u00f3vel e os descontos recebidos. O IPTU 2023 tamb\u00e9m pode ser acessado pelo Portal de Servi\u00e7os da Prefeitura (<a href=\"https:\/\/servicos.niteroi.rj.gov.br\/\" target=\"_blank\" rel=\"noreferrer noopener\">https:\/\/servicos.niteroi.rj.gov.br\/<\/a>), e o pagamento das cotas mensais pode ser efetuado via PIX.<\/p>\n\n\n\n<p>Calend\u00e1rio de pagamento \u2013 De acordo com o Calend\u00e1rio de Recolhimento de Tributos Municipais (CATRIM \u2013 Resolu\u00e7\u00e3o n\u00ba 73\/SMF\/2022), as datas das cotas mensais do IPTU 2023 foram estabelecidas da seguinte forma:<\/p>\n\n\n\n<p>Cota 01 \u2013 10 de fevereiro<\/p>\n\n\n\n<p>Cota 02 \u2013 10 de mar\u00e7o<\/p>\n\n\n\n<p>Cota 03 \u2013 10 de abril<\/p>\n\n\n\n<p>Cota 04 \u2013 10 de maio<\/p>\n\n\n\n<p>Cota 05 \u2013 12 de junho<\/p>\n\n\n\n<p>Cota 06 \u2013 10 de julho<\/p>\n\n\n\n<p>Cota 07 \u2013 10 de agosto<\/p>\n\n\n\n<p>Cota 08 \u2013 11 de setembro<\/p>\n\n\n\n<p>Cota 09 \u2013 10 de outubro<\/p>\n\n\n\n<p>Cota 10 \u2013 10 de novembro<\/p>\n\n\n\n<p>Cota 11 \u2013 11 de dezembro<\/p>\n","protected":false},"excerpt":{"rendered":"<p>Termina nesta segunda-feira (6) o prazo para que os contribuintes de Niter\u00f3i que quitarem o IPTU em cota \u00fanica tenham um desconto de 8%. <\/p>\n","protected":false},"author":18,"featured_media":19405,"comment_status":"closed","ping_status":"closed","sticky":false,"template":"","format":"standard","meta":{"_et_pb_use_builder":"","_et_pb_old_content":"","_et_gb_content_width":"","_usar_header_alternativo":false,"footnotes":""},"categories":[10],"tags":[597,629,452],"class_list":["post-21154","post","type-post","status-publish","format-standard","has-post-thumbnail","hentry","category-noticias","tag-iptu-2023","tag-receitas-municipais","tag-transparencia","et-has-post-format-content","et_post_format-et-post-format-standard"],"_links":{"self":[{"href":"https:\/\/www.fazenda.niteroi.rj.gov.br\/site\/wp-json\/wp\/v2\/posts\/21154","targetHints":{"allow":["GET"]}}],"collection":[{"href":"https:\/\/www.fazenda.niteroi.rj.gov.br\/site\/wp-json\/wp\/v2\/posts"}],"about":[{"href":"https:\/\/www.fazenda.niteroi.rj.gov.br\/site\/wp-json\/wp\/v2\/types\/post"}],"author":[{"embeddable":true,"href":"https:\/\/www.fazenda.niteroi.rj.gov.br\/site\/wp-json\/wp\/v2\/users\/18"}],"replies":[{"embeddable":true,"href":"https:\/\/www.fazenda.niteroi.rj.gov.br\/site\/wp-json\/wp\/v2\/comments?post=21154"}],"version-history":[{"count":2,"href":"https:\/\/www.fazenda.niteroi.rj.gov.br\/site\/wp-json\/wp\/v2\/posts\/21154\/revisions"}],"predecessor-version":[{"id":21158,"href":"https:\/\/www.fazenda.niteroi.rj.gov.br\/site\/wp-json\/wp\/v2\/posts\/21154\/revisions\/21158"}],"wp:featuredmedia":[{"embeddable":true,"href":"https:\/\/www.fazenda.niteroi.rj.gov.br\/site\/wp-json\/wp\/v2\/media\/19405"}],"wp:attachment":[{"href":"https:\/\/www.fazenda.niteroi.rj.gov.br\/site\/wp-json\/wp\/v2\/media?parent=21154"}],"wp:term":[{"taxonomy":"category","embeddable":true,"href":"https:\/\/www.fazenda.niteroi.rj.gov.br\/site\/wp-json\/wp\/v2\/categories?post=21154"},{"taxonomy":"post_tag","embeddable":true,"href":"https:\/\/www.fazenda.niteroi.rj.gov.br\/site\/wp-json\/wp\/v2\/tags?post=21154"}],"curies":[{"name":"wp","href":"https:\/\/api.w.org\/{rel}","templated":true}]}}