{"id":21172,"date":"2023-02-03T11:16:37","date_gmt":"2023-02-03T14:16:37","guid":{"rendered":"https:\/\/www.fazenda.niteroi.rj.gov.br\/site\/?p=21172"},"modified":"2023-02-06T11:18:29","modified_gmt":"2023-02-06T14:18:29","slug":"agenda-03-02-2023-sexta-feira","status":"publish","type":"post","link":"https:\/\/www.fazenda.niteroi.rj.gov.br\/site\/agenda-03-02-2023-sexta-feira\/","title":{"rendered":"Agenda 03.02.2023 Sexta-Feira"},"content":{"rendered":"\n<p>10h<br>Inaugura\u00e7\u00e3o do Banco Arariboia \u2013 Ag\u00eancia de Piratininga<br>Local: Rua Dr. Raul de Oliveira, 481 \u2013 Piratininga<\/p>\n\n\n\n<p>10h30<br>Reuni\u00e3o com a Subs de Moderniza\u00e7\u00e3o Nat\u00e1lia Sra. Cardoso, Fiscal Isabella Caldas, Sra Alessandra Silveira, Diretor Sr. Pedro Reys, Sra. Marilucia Scaffo<br>Pauta: Planejar<br>Videoconfer\u00eancia<\/p>\n\n\n\n<p>12h30<br>Agenda Externa<\/p>\n","protected":false},"excerpt":{"rendered":"<p>10hInaugura\u00e7\u00e3o do Banco Arariboia \u2013 Ag\u00eancia de PiratiningaLocal: Rua Dr. Raul de Oliveira, 481 \u2013 Piratininga 10h30Reuni\u00e3o com a Subs de Moderniza\u00e7\u00e3o Nat\u00e1lia Sra. Cardoso, Fiscal Isabella Caldas, Sra Alessandra [&hellip;]<\/p>\n","protected":false},"author":20,"featured_media":0,"comment_status":"closed","ping_status":"closed","sticky":false,"template":"","format":"standard","meta":{"_et_pb_use_builder":"","_et_pb_old_content":"","_et_gb_content_width":"","_usar_header_alternativo":false,"footnotes":""},"categories":[394],"tags":[397,452],"class_list":["post-21172","post","type-post","status-publish","format-standard","hentry","category-agenda","tag-agenda-da-secretaria","tag-transparencia","et-doesnt-have-format-content","et_post_format-et-post-format-standard"],"_links":{"self":[{"href":"https:\/\/www.fazenda.niteroi.rj.gov.br\/site\/wp-json\/wp\/v2\/posts\/21172","targetHints":{"allow":["GET"]}}],"collection":[{"href":"https:\/\/www.fazenda.niteroi.rj.gov.br\/site\/wp-json\/wp\/v2\/posts"}],"about":[{"href":"https:\/\/www.fazenda.niteroi.rj.gov.br\/site\/wp-json\/wp\/v2\/types\/post"}],"author":[{"embeddable":true,"href":"https:\/\/www.fazenda.niteroi.rj.gov.br\/site\/wp-json\/wp\/v2\/users\/20"}],"replies":[{"embeddable":true,"href":"https:\/\/www.fazenda.niteroi.rj.gov.br\/site\/wp-json\/wp\/v2\/comments?post=21172"}],"version-history":[{"count":1,"href":"https:\/\/www.fazenda.niteroi.rj.gov.br\/site\/wp-json\/wp\/v2\/posts\/21172\/revisions"}],"predecessor-version":[{"id":21173,"href":"https:\/\/www.fazenda.niteroi.rj.gov.br\/site\/wp-json\/wp\/v2\/posts\/21172\/revisions\/21173"}],"wp:attachment":[{"href":"https:\/\/www.fazenda.niteroi.rj.gov.br\/site\/wp-json\/wp\/v2\/media?parent=21172"}],"wp:term":[{"taxonomy":"category","embeddable":true,"href":"https:\/\/www.fazenda.niteroi.rj.gov.br\/site\/wp-json\/wp\/v2\/categories?post=21172"},{"taxonomy":"post_tag","embeddable":true,"href":"https:\/\/www.fazenda.niteroi.rj.gov.br\/site\/wp-json\/wp\/v2\/tags?post=21172"}],"curies":[{"name":"wp","href":"https:\/\/api.w.org\/{rel}","templated":true}]}}