{"id":21212,"date":"2023-02-13T17:18:07","date_gmt":"2023-02-13T20:18:07","guid":{"rendered":"https:\/\/www.fazenda.niteroi.rj.gov.br\/site\/?p=21212"},"modified":"2023-02-13T17:18:32","modified_gmt":"2023-02-13T20:18:32","slug":"primeira-sessao-administrativa-extraordinaria-de-2023","status":"publish","type":"post","link":"https:\/\/www.fazenda.niteroi.rj.gov.br\/site\/primeira-sessao-administrativa-extraordinaria-de-2023\/","title":{"rendered":"PRIMEIRA SESS\u00c3O ADMINISTRATIVA EXTRAORDIN\u00c1RIA DE 2023"},"content":{"rendered":"\n<p><strong>PREFEITURA MUNICIPAL DE NIEROI<\/strong><\/p>\n\n\n\n<p><strong><u>SECRETARIA MUNICIPAL DE FAZENDA<\/u><\/strong><strong><\/strong><\/p>\n\n\n\n<p><strong><u>CONSELHO DE CONTRIBUINTES DO MUNIC\u00cdPIO DE NITER\u00d3I \u2013 FCCN<\/u><\/strong><\/p>\n\n\n\n<p><strong><u>PRIMEIRA SESS\u00c3O ADMINISTRATIVA EXTRAORDIN\u00c1RIA DE 2023<\/u><\/strong><\/p>\n\n\n\n<p><strong>REUNI\u00c3O VIRTUAL PARA JULGAMENTO DE RECURSOS, A SER REALIZADA NO DIA 15 DE FEVEREIRO DE 2023, LOGO AP\u00d3S AS SESS\u00d5ES DE JULGAMENTO.<\/strong><\/p>\n\n\n\n<ol class=\"wp-block-list\" type=\"1\">\n<li><strong>&nbsp;PROCESSO:&nbsp; 030\/02.191\/2023 \u2013 Aprecia\u00e7\u00e3o de proposta de S\u00famula Administrativa, nos termos do art. 122-A do Regimento Interno do Conselho de Contribuintes (Decreto n\u00ba 9.735, de 28 de dezembro de 2005, com reda\u00e7\u00e3o dada elo Decreto n\u00ba 14.140, de 13 de setembro de 2021), de iniciativa do Conselheiro Luiz Alberto Soares.<\/strong><\/li>\n<\/ol>\n\n\n\n<p>CC. Em 13 de fevereiro de 2023<\/p>\n","protected":false},"excerpt":{"rendered":"<p>PREFEITURA MUNICIPAL DE NIEROI SECRETARIA MUNICIPAL DE FAZENDA CONSELHO DE CONTRIBUINTES DO MUNIC\u00cdPIO DE NITER\u00d3I \u2013 FCCN PRIMEIRA SESS\u00c3O ADMINISTRATIVA EXTRAORDIN\u00c1RIA DE 2023 REUNI\u00c3O VIRTUAL PARA JULGAMENTO DE RECURSOS, A [&hellip;]<\/p>\n","protected":false},"author":4,"featured_media":0,"comment_status":"closed","ping_status":"closed","sticky":false,"template":"","format":"standard","meta":{"_et_pb_use_builder":"","_et_pb_old_content":"","_et_gb_content_width":"","_usar_header_alternativo":false,"footnotes":""},"categories":[126,132],"tags":[],"class_list":["post-21212","post","type-post","status-publish","format-standard","hentry","category-ccn","category-pautas","et-doesnt-have-format-content","et_post_format-et-post-format-standard"],"_links":{"self":[{"href":"https:\/\/www.fazenda.niteroi.rj.gov.br\/site\/wp-json\/wp\/v2\/posts\/21212","targetHints":{"allow":["GET"]}}],"collection":[{"href":"https:\/\/www.fazenda.niteroi.rj.gov.br\/site\/wp-json\/wp\/v2\/posts"}],"about":[{"href":"https:\/\/www.fazenda.niteroi.rj.gov.br\/site\/wp-json\/wp\/v2\/types\/post"}],"author":[{"embeddable":true,"href":"https:\/\/www.fazenda.niteroi.rj.gov.br\/site\/wp-json\/wp\/v2\/users\/4"}],"replies":[{"embeddable":true,"href":"https:\/\/www.fazenda.niteroi.rj.gov.br\/site\/wp-json\/wp\/v2\/comments?post=21212"}],"version-history":[{"count":1,"href":"https:\/\/www.fazenda.niteroi.rj.gov.br\/site\/wp-json\/wp\/v2\/posts\/21212\/revisions"}],"predecessor-version":[{"id":21213,"href":"https:\/\/www.fazenda.niteroi.rj.gov.br\/site\/wp-json\/wp\/v2\/posts\/21212\/revisions\/21213"}],"wp:attachment":[{"href":"https:\/\/www.fazenda.niteroi.rj.gov.br\/site\/wp-json\/wp\/v2\/media?parent=21212"}],"wp:term":[{"taxonomy":"category","embeddable":true,"href":"https:\/\/www.fazenda.niteroi.rj.gov.br\/site\/wp-json\/wp\/v2\/categories?post=21212"},{"taxonomy":"post_tag","embeddable":true,"href":"https:\/\/www.fazenda.niteroi.rj.gov.br\/site\/wp-json\/wp\/v2\/tags?post=21212"}],"curies":[{"name":"wp","href":"https:\/\/api.w.org\/{rel}","templated":true}]}}