{"id":21260,"date":"2023-02-16T16:50:04","date_gmt":"2023-02-16T19:50:04","guid":{"rendered":"https:\/\/www.fazenda.niteroi.rj.gov.br\/site\/?p=21260"},"modified":"2023-02-16T16:50:36","modified_gmt":"2023-02-16T19:50:36","slug":"prefeito-de-niteroi-recebe-comitiva-de-pesquisadores-para-discutir-projetos-de-economia-solidaria-e-politicas-publicas","status":"publish","type":"post","link":"https:\/\/www.fazenda.niteroi.rj.gov.br\/site\/prefeito-de-niteroi-recebe-comitiva-de-pesquisadores-para-discutir-projetos-de-economia-solidaria-e-politicas-publicas\/","title":{"rendered":"<strong>Prefeito de Niter\u00f3i recebe comitiva de pesquisadores para discutir projetos de Economia Solid\u00e1ria e Pol\u00edticas P\u00fablicas<\/strong>"},"content":{"rendered":"\n<p><em>Encontro aconteceu na tarde desta quarta-feira (15) e contou com participantes de v\u00e1rias universidades nacionais e internacionais que se interessaram pelos projetos de Niter\u00f3i<\/em><em><br><\/em><br>Na tarde desta quarta-feira (15), o prefeito de Niter\u00f3i, Axel Grael, recebeu em seu gabinete uma comitiva formada por pesquisadores de diversas universidades nacionais e internacionais para tratar de poss\u00edveis parcerias em projetos que envolvem Pol\u00edticas P\u00fablicas de Clima e de Defesa Civil para comunidades e propostas de Economia Solid\u00e1ria. Com um hist\u00f3rico pioneiro nos assuntos tratados, a cidade \u00e9 exemplo para os pesquisadores.<\/p>\n\n\n\n<p>De acordo com Grael, o projeto do grupo possui diversos pontos em comum com o que j\u00e1 \u00e9 desenvolvido na cidade e, por isso, uma parceria com os pesquisadores pode ser importante ao unir a pr\u00e1tica \u00e0 teoria.<\/p>\n\n\n\n<p>\u201cRecebemos v\u00e1rias institui\u00e7\u00f5es aqui hoje, com abordagens muito diferentes e de certa forma circulando em torno da Moeda Social e da Resili\u00eancia clim\u00e1tica e social. O trabalho deles \u00e9 interessante, pois est\u00e3o abordando essas quest\u00f5es em v\u00e1rios munic\u00edpios. O projeto deles tem muita sinergia com o que n\u00f3s viemos fazendo em Niter\u00f3i. Ent\u00e3o, nada melhor do que juntar a experi\u00eancia e a pr\u00e1tica com o trabalho de teoriza\u00e7\u00e3o acad\u00eamica.\u201d, afirmou. &nbsp;<\/p>\n\n\n\n<p>Entre os assuntos tratados na reuni\u00e3o, o principal teve a ver com a Moeda Social Arariboia, programa da Prefeitura de Niter\u00f3i de transfer\u00eancia de renda permanente que paga um valor mensal ao benefici\u00e1rio cadastrado no Cad\u00danico. Al\u00e9m disso, o programa busca ampliar a gera\u00e7\u00e3o de novos empregos e renda dos comerciantes, empreendedores e prestadores de servi\u00e7os cadastrados com a circula\u00e7\u00e3o da moeda por toda a cidade. O valor mensal m\u00ednimo \u00e9 de R$ 250 para a primeira pessoa, com acr\u00e9scimo de R$ 90 para cada membro adicional. O m\u00e1ximo \u00e9 de cinco pessoas adicionais por fam\u00edlia e pode chegar a R$ 700 por m\u00eas para uma fam\u00edlia com seis integrantes.<\/p>\n\n\n\n<p>Outros projetos da Prefeitura foram destaque, como a Moeda do Clima e o Niter\u00f3i Jovem EcoSocial, al\u00e9m de a\u00e7\u00f5es da Defesa Civil para capta\u00e7\u00e3o e treinamento de volunt\u00e1rios.<\/p>\n\n\n\n<p>O pesquisador Jo\u00e3o Porto de Albuquerque, da Universidade de Glasgow, no Reino Unido, apontou a import\u00e2ncia de Niter\u00f3i para o projeto da comitiva.<\/p>\n\n\n\n<p>\u201cDesde a semana passada estamos visitando cidades e esta \u00e9 a sexta que viemos. J\u00e1 temos um projeto na Comunidade do Prevent\u00f3rio e conhecemos os projetos sociais de Niter\u00f3i, que para a gente \u00e9 um exemplo\u201d, disse. &nbsp;&nbsp;<\/p>\n\n\n\n<p>Al\u00e9m da Universidade de Glasgow, a comitiva tinha integrantes da Universidade de Lund (da Su\u00e9cia), l\u00edderes comunit\u00e1rios do Qu\u00eania e da Col\u00f4mbia, al\u00e9m de representantes da Funda\u00e7\u00e3o Get\u00falio Vargas (FGV), Universidade Federal do Rio de Janeiro (UFRJ), do BNDES e do Banco do Prevent\u00f3rio.<\/p>\n\n\n\n<p>Tamb\u00e9m estavam presentes os secret\u00e1rios municipais da Fazenda, Mar\u00edlia Ortiz; de Clima, Luciano Paez; de Meio Ambiente, Rafael Robertson; de Escrit\u00f3rio de Gest\u00e3o de Projetos (EGP), Katherine Azevedo; e de Assist\u00eancia Social e Economia Solid\u00e1ria, Elton Teixeira; e de Defesa Civil e Geotecnia, coronel Walace Medeiros.<\/p>\n","protected":false},"excerpt":{"rendered":"<p>Encontro aconteceu na tarde desta quarta-feira (15) e contou com participantes de v\u00e1rias universidades nacionais e internacionais que se interessaram pelos projetos de Niter\u00f3iNa tarde desta quarta-feira (15), o prefeito [&hellip;]<\/p>\n","protected":false},"author":18,"featured_media":21261,"comment_status":"closed","ping_status":"closed","sticky":false,"template":"","format":"standard","meta":{"_et_pb_use_builder":"","_et_pb_old_content":"","_et_gb_content_width":"","_usar_header_alternativo":false,"footnotes":""},"categories":[10],"tags":[],"class_list":["post-21260","post","type-post","status-publish","format-standard","has-post-thumbnail","hentry","category-noticias","et-has-post-format-content","et_post_format-et-post-format-standard"],"_links":{"self":[{"href":"https:\/\/www.fazenda.niteroi.rj.gov.br\/site\/wp-json\/wp\/v2\/posts\/21260","targetHints":{"allow":["GET"]}}],"collection":[{"href":"https:\/\/www.fazenda.niteroi.rj.gov.br\/site\/wp-json\/wp\/v2\/posts"}],"about":[{"href":"https:\/\/www.fazenda.niteroi.rj.gov.br\/site\/wp-json\/wp\/v2\/types\/post"}],"author":[{"embeddable":true,"href":"https:\/\/www.fazenda.niteroi.rj.gov.br\/site\/wp-json\/wp\/v2\/users\/18"}],"replies":[{"embeddable":true,"href":"https:\/\/www.fazenda.niteroi.rj.gov.br\/site\/wp-json\/wp\/v2\/comments?post=21260"}],"version-history":[{"count":1,"href":"https:\/\/www.fazenda.niteroi.rj.gov.br\/site\/wp-json\/wp\/v2\/posts\/21260\/revisions"}],"predecessor-version":[{"id":21262,"href":"https:\/\/www.fazenda.niteroi.rj.gov.br\/site\/wp-json\/wp\/v2\/posts\/21260\/revisions\/21262"}],"wp:featuredmedia":[{"embeddable":true,"href":"https:\/\/www.fazenda.niteroi.rj.gov.br\/site\/wp-json\/wp\/v2\/media\/21261"}],"wp:attachment":[{"href":"https:\/\/www.fazenda.niteroi.rj.gov.br\/site\/wp-json\/wp\/v2\/media?parent=21260"}],"wp:term":[{"taxonomy":"category","embeddable":true,"href":"https:\/\/www.fazenda.niteroi.rj.gov.br\/site\/wp-json\/wp\/v2\/categories?post=21260"},{"taxonomy":"post_tag","embeddable":true,"href":"https:\/\/www.fazenda.niteroi.rj.gov.br\/site\/wp-json\/wp\/v2\/tags?post=21260"}],"curies":[{"name":"wp","href":"https:\/\/api.w.org\/{rel}","templated":true}]}}