{"id":21379,"date":"2023-03-06T10:10:10","date_gmt":"2023-03-06T13:10:10","guid":{"rendered":"https:\/\/www.fazenda.niteroi.rj.gov.br\/site\/?p=21379"},"modified":"2023-03-06T10:10:35","modified_gmt":"2023-03-06T13:10:35","slug":"agenda-06-03-2023-segunda-feira","status":"publish","type":"post","link":"https:\/\/www.fazenda.niteroi.rj.gov.br\/site\/agenda-06-03-2023-segunda-feira\/","title":{"rendered":"Agenda 06.03.2023 Segunda-Feira"},"content":{"rendered":"\n<p>10h30<br>Reuni\u00e3o com a Subs de Contabilidade do Munic\u00edpio Fernanda Rodrigues, Diretor de Controle Interno Pedro Reys, Diretor de Contabilidade Thiago Resende, Tesoureiro Francisco Marins, Auditor da CGM Jorge Gon\u00e7alves, Contador da FME Ivan Mesquita.<br><\/p>\n\n\n\n<p>12h<br>Despacho Interno<\/p>\n\n\n\n<p>14h<br>Imers\u00e3o Planejamento Gabinete<\/p>\n\n\n\n<p>16h30<br>Reuni\u00e3o ordin\u00e1ria &#8211; COMIT\u00ca ESTRAT\u00c9GICO DE T. DA INFORMA\u00c7\u00c3O- CETI<br>Videoconfer\u00eancia<\/p>\n","protected":false},"excerpt":{"rendered":"<p>10h30Reuni\u00e3o com a Subs de Contabilidade do Munic\u00edpio Fernanda Rodrigues, Diretor de Controle Interno Pedro Reys, Diretor de Contabilidade Thiago Resende, Tesoureiro Francisco Marins, Auditor da CGM Jorge Gon\u00e7alves, Contador [&hellip;]<\/p>\n","protected":false},"author":20,"featured_media":0,"comment_status":"closed","ping_status":"closed","sticky":false,"template":"","format":"standard","meta":{"_et_pb_use_builder":"","_et_pb_old_content":"","_et_gb_content_width":"","_usar_header_alternativo":false,"footnotes":""},"categories":[394],"tags":[397,452],"class_list":["post-21379","post","type-post","status-publish","format-standard","hentry","category-agenda","tag-agenda-da-secretaria","tag-transparencia","et-doesnt-have-format-content","et_post_format-et-post-format-standard"],"_links":{"self":[{"href":"https:\/\/www.fazenda.niteroi.rj.gov.br\/site\/wp-json\/wp\/v2\/posts\/21379","targetHints":{"allow":["GET"]}}],"collection":[{"href":"https:\/\/www.fazenda.niteroi.rj.gov.br\/site\/wp-json\/wp\/v2\/posts"}],"about":[{"href":"https:\/\/www.fazenda.niteroi.rj.gov.br\/site\/wp-json\/wp\/v2\/types\/post"}],"author":[{"embeddable":true,"href":"https:\/\/www.fazenda.niteroi.rj.gov.br\/site\/wp-json\/wp\/v2\/users\/20"}],"replies":[{"embeddable":true,"href":"https:\/\/www.fazenda.niteroi.rj.gov.br\/site\/wp-json\/wp\/v2\/comments?post=21379"}],"version-history":[{"count":1,"href":"https:\/\/www.fazenda.niteroi.rj.gov.br\/site\/wp-json\/wp\/v2\/posts\/21379\/revisions"}],"predecessor-version":[{"id":21380,"href":"https:\/\/www.fazenda.niteroi.rj.gov.br\/site\/wp-json\/wp\/v2\/posts\/21379\/revisions\/21380"}],"wp:attachment":[{"href":"https:\/\/www.fazenda.niteroi.rj.gov.br\/site\/wp-json\/wp\/v2\/media?parent=21379"}],"wp:term":[{"taxonomy":"category","embeddable":true,"href":"https:\/\/www.fazenda.niteroi.rj.gov.br\/site\/wp-json\/wp\/v2\/categories?post=21379"},{"taxonomy":"post_tag","embeddable":true,"href":"https:\/\/www.fazenda.niteroi.rj.gov.br\/site\/wp-json\/wp\/v2\/tags?post=21379"}],"curies":[{"name":"wp","href":"https:\/\/api.w.org\/{rel}","templated":true}]}}