{"id":21433,"date":"2023-03-08T12:40:09","date_gmt":"2023-03-08T15:40:09","guid":{"rendered":"https:\/\/www.fazenda.niteroi.rj.gov.br\/site\/?p=21433"},"modified":"2023-03-08T12:57:35","modified_gmt":"2023-03-08T15:57:35","slug":"cuidando-delas-na-smf","status":"publish","type":"post","link":"https:\/\/www.fazenda.niteroi.rj.gov.br\/site\/cuidando-delas-na-smf\/","title":{"rendered":"Cuidando delas na SMF"},"content":{"rendered":"\n<p>                          Secretaria Municipal de Fazenda promove a\u00e7\u00f5es sobre o cuidado f\u00edsico e mental no m\u00eas da mulher<\/p>\n\n\n\n<p><\/p>\n\n\n\n<p>Nesta quarta-feira (08), a Secretaria Municipal de Fazenda de Niter\u00f3i (SMF) lan\u00e7ou a campanha \u201cCuidando delas na SMF\u201d. A campanha tem como objetivo refletir sobre o papel da mulher na posi\u00e7\u00e3o de cuidar daqueles que as circundam, a ideia \u00e9 convidar as servidoras a pensarem e questionarem os m\u00faltiplos cuidados que tamb\u00e9m precisam ter consigo mesmas.<\/p>\n\n\n\n<p>Ao longo do m\u00eas de mar\u00e7o, a Secretaria abordar\u00e1 algumas formas importantes de cuidado, como: o cuidado mental e f\u00edsico, as quest\u00f5es sobre maternidade e o cuidado no trabalho. Tamb\u00e9m ser\u00e3o promovidas diversas a\u00e7\u00f5es ao longo do m\u00eas, como roda de conversa, palestras, produ\u00e7\u00e3o de guias e cartazes informativos.<\/p>\n\n\n\n<p>&#8220;Eu acho uma campanha extremamente sens\u00edvel. Ela vai tocar sobre v\u00e1rias dimens\u00f5es do cuidado ao longo desse m\u00eas e juntos iremos refletir sobre isso.&#8221; Conta a Secret\u00e1ria Marilia Ortiz.<\/p>\n\n\n\n<p>Para obter mais informa\u00e7\u00f5es sobre a campanha e baixar os materiais informativos, acesse: <a href=\"https:\/\/www.fazenda.niteroi.rj.gov.br\/site\/repositorio-institucional\/elas-da-smf\/\">https:\/\/www.fazenda.niteroi.rj.gov.br\/site\/repositorio-institucional\/elas-da-smf\/<\/a><\/p>\n","protected":false},"excerpt":{"rendered":"<p>Secretaria Municipal de Fazenda promove a\u00e7\u00f5es sobre o cuidado f\u00edsico e mental no m\u00eas da mulher Nesta quarta-feira (08), a Secretaria Municipal de Fazenda de Niter\u00f3i (SMF) lan\u00e7ou a campanha [&hellip;]<\/p>\n","protected":false},"author":18,"featured_media":21434,"comment_status":"closed","ping_status":"closed","sticky":false,"template":"","format":"standard","meta":{"_et_pb_use_builder":"","_et_pb_old_content":"","_et_gb_content_width":"","_usar_header_alternativo":false,"footnotes":""},"categories":[10],"tags":[],"class_list":["post-21433","post","type-post","status-publish","format-standard","has-post-thumbnail","hentry","category-noticias","et-has-post-format-content","et_post_format-et-post-format-standard"],"_links":{"self":[{"href":"https:\/\/www.fazenda.niteroi.rj.gov.br\/site\/wp-json\/wp\/v2\/posts\/21433","targetHints":{"allow":["GET"]}}],"collection":[{"href":"https:\/\/www.fazenda.niteroi.rj.gov.br\/site\/wp-json\/wp\/v2\/posts"}],"about":[{"href":"https:\/\/www.fazenda.niteroi.rj.gov.br\/site\/wp-json\/wp\/v2\/types\/post"}],"author":[{"embeddable":true,"href":"https:\/\/www.fazenda.niteroi.rj.gov.br\/site\/wp-json\/wp\/v2\/users\/18"}],"replies":[{"embeddable":true,"href":"https:\/\/www.fazenda.niteroi.rj.gov.br\/site\/wp-json\/wp\/v2\/comments?post=21433"}],"version-history":[{"count":4,"href":"https:\/\/www.fazenda.niteroi.rj.gov.br\/site\/wp-json\/wp\/v2\/posts\/21433\/revisions"}],"predecessor-version":[{"id":21441,"href":"https:\/\/www.fazenda.niteroi.rj.gov.br\/site\/wp-json\/wp\/v2\/posts\/21433\/revisions\/21441"}],"wp:featuredmedia":[{"embeddable":true,"href":"https:\/\/www.fazenda.niteroi.rj.gov.br\/site\/wp-json\/wp\/v2\/media\/21434"}],"wp:attachment":[{"href":"https:\/\/www.fazenda.niteroi.rj.gov.br\/site\/wp-json\/wp\/v2\/media?parent=21433"}],"wp:term":[{"taxonomy":"category","embeddable":true,"href":"https:\/\/www.fazenda.niteroi.rj.gov.br\/site\/wp-json\/wp\/v2\/categories?post=21433"},{"taxonomy":"post_tag","embeddable":true,"href":"https:\/\/www.fazenda.niteroi.rj.gov.br\/site\/wp-json\/wp\/v2\/tags?post=21433"}],"curies":[{"name":"wp","href":"https:\/\/api.w.org\/{rel}","templated":true}]}}