{"id":21462,"date":"2023-03-13T12:55:01","date_gmt":"2023-03-13T15:55:01","guid":{"rendered":"https:\/\/www.fazenda.niteroi.rj.gov.br\/site\/?p=21462"},"modified":"2023-03-13T13:44:31","modified_gmt":"2023-03-13T16:44:31","slug":"sefaz-rj-divulga-regras-e-prazos-para-a-entrega-da-declan-ipm","status":"publish","type":"post","link":"https:\/\/www.fazenda.niteroi.rj.gov.br\/site\/sefaz-rj-divulga-regras-e-prazos-para-a-entrega-da-declan-ipm\/","title":{"rendered":"<strong>Sefaz-RJ divulga regras e prazos para a entrega da DECLAN-IPM<\/strong>"},"content":{"rendered":"\n<p><em>Prazo para transmitir a DECLAN-IPM normal encerra no dia 22 de maio&nbsp;<\/em><\/p>\n\n\n\n<p>A Portaria 127 da Superintend\u00eancia de Cadastro e Informa\u00e7\u00f5es Fiscais (Sucief\/Sefaz-RJ), publicada no DO-RJ no dia 02 de mar\u00e7o, fixou os prazos e as regras b\u00e1sicas para o preenchimento da Declara\u00e7\u00e3o Anual para o \u00cdndice de Participa\u00e7\u00e3o dos Munic\u00edpios (DECLAN-IPM 2023 \u2013 ano-base 2022). A<strong> DECLAN Normal dever\u00e1 ser transmitida at\u00e9 o dia 22 de maio e a Retificadora at\u00e9 o dia 29 de maio.<\/strong> Para preencher e emitir a Declara\u00e7\u00e3o, o contribuinte dever\u00e1 utilizar a\u00a0 vers\u00e3o 3.2.0.3 do Programa Gerador, dispon\u00edvel no <a href=\"http:\/\/www.fazenda.rj.gov.br\/sefaz\/faces\/owResource.jspx?z=oracle.webcenter.doclib%21%21UCMServer%2523dDocName%253A826013%21%21index.html\">site da Sefaz-RJ<\/a> ou por programa pr\u00f3prio que obede\u00e7a o leiaute da vers\u00e3o da Secretaria de Estado de Fazenda do Rio de Janeiro.<\/p>\n\n\n\n<p>A entrega da DECLAN-IPM dever\u00e1 ser feita exclusivamente pela p\u00e1gina da Sefaz-RJ (<a href=\"http:\/\/www.fazenda.rj.gov.br\/\">http:\/\/www.fazenda.rj.gov.br\/<\/a>) e ao t\u00e9rmino da transmiss\u00e3o da declara\u00e7\u00e3o, o contribuinte dever\u00e1 imprimir e arquivar o espelho da declara\u00e7\u00e3o com a indica\u00e7\u00e3o do n\u00famero do protocolo definitivo que comprova a sua entrega.<\/p>\n\n\n\n<p>A DECLAN-IPM dever\u00e1 ser apresentada obrigatoriamente pelos contribuintes inscritos no Cadastro de Contribuintes de ICMS (CAD-ICMS), localizados neste Estado. O contribuinte optante pelo Simples Nacional, exclu\u00eddo desse regime durante o ano-base da declara\u00e7\u00e3o, apresentar\u00e1 \u00e0 Receita Federal do Brasil as correspondentes declara\u00e7\u00f5es com as informa\u00e7\u00f5es apuradas at\u00e9 o per\u00edodo de desenquadramento e entregar\u00e1 \u00e0 SEFAZ-RJ a DECLAN-IPM com os dados do per\u00edodo restante, relativo ao enquadramento nos regimes Normal, de Estimativa ou outros.<\/p>\n\n\n\n<p>Essa importante obriga\u00e7\u00e3o acess\u00f3ria \u00e9 respons\u00e1vel pelo \u00cdndice de Participa\u00e7\u00e3o do Munic\u00edpio na reparti\u00e7\u00e3o do ICMS. Por isso, fique atento ao prazo!<\/p>\n\n\n\n<p>Para sanar poss\u00edveis d\u00favidas ou obter mais informa\u00e7\u00f5es, envie um e-mail para: receitas.transferidas@fazenda.niteroi.rj.gov.br. <\/p>\n\n\n\n<div style=\"height:35px\" aria-hidden=\"true\" class=\"wp-block-spacer\"><\/div>\n\n\n\n<hr class=\"wp-block-separator has-text-color has-white-color has-alpha-channel-opacity has-white-background-color has-background\"\/>\n\n\n\n<div class=\"wp-block-buttons is-layout-flex wp-block-buttons-is-layout-flex\">\n<div class=\"wp-block-button alignleft\"><a class=\"wp-block-button__link has-white-color has-vivid-cyan-blue-background-color has-text-color has-background wp-element-button\" href=\"https:\/\/www.fazenda.niteroi.rj.gov.br\/site\/wp-content\/uploads\/2023\/03\/PORTARIA-SUCIEF-No-127-DE-01-DE-MARCO-DE-2023.pdf\" target=\"_blank\" rel=\"noreferrer noopener\">PORTARIA SUCIEF N\u00ba 127 DE 01 DE MAR\u00c7O DE 2023<\/a><\/div>\n<\/div>\n","protected":false},"excerpt":{"rendered":"<p>Prazo para transmitir a DECLAN-IPM normal encerra no dia 22 de maio\u00a0<\/p>\n","protected":false},"author":18,"featured_media":21464,"comment_status":"closed","ping_status":"closed","sticky":false,"template":"","format":"standard","meta":{"_et_pb_use_builder":"","_et_pb_old_content":"","_et_gb_content_width":"","_usar_header_alternativo":false,"footnotes":""},"categories":[10],"tags":[143,633,139,634,452,635],"class_list":["post-21462","post","type-post","status-publish","format-standard","has-post-thumbnail","hentry","category-noticias","tag-arrecadacao","tag-declan-ipm","tag-icms","tag-sefaz-rj","tag-transparencia","tag-tributos-estaduais","et-has-post-format-content","et_post_format-et-post-format-standard"],"_links":{"self":[{"href":"https:\/\/www.fazenda.niteroi.rj.gov.br\/site\/wp-json\/wp\/v2\/posts\/21462","targetHints":{"allow":["GET"]}}],"collection":[{"href":"https:\/\/www.fazenda.niteroi.rj.gov.br\/site\/wp-json\/wp\/v2\/posts"}],"about":[{"href":"https:\/\/www.fazenda.niteroi.rj.gov.br\/site\/wp-json\/wp\/v2\/types\/post"}],"author":[{"embeddable":true,"href":"https:\/\/www.fazenda.niteroi.rj.gov.br\/site\/wp-json\/wp\/v2\/users\/18"}],"replies":[{"embeddable":true,"href":"https:\/\/www.fazenda.niteroi.rj.gov.br\/site\/wp-json\/wp\/v2\/comments?post=21462"}],"version-history":[{"count":4,"href":"https:\/\/www.fazenda.niteroi.rj.gov.br\/site\/wp-json\/wp\/v2\/posts\/21462\/revisions"}],"predecessor-version":[{"id":21469,"href":"https:\/\/www.fazenda.niteroi.rj.gov.br\/site\/wp-json\/wp\/v2\/posts\/21462\/revisions\/21469"}],"wp:featuredmedia":[{"embeddable":true,"href":"https:\/\/www.fazenda.niteroi.rj.gov.br\/site\/wp-json\/wp\/v2\/media\/21464"}],"wp:attachment":[{"href":"https:\/\/www.fazenda.niteroi.rj.gov.br\/site\/wp-json\/wp\/v2\/media?parent=21462"}],"wp:term":[{"taxonomy":"category","embeddable":true,"href":"https:\/\/www.fazenda.niteroi.rj.gov.br\/site\/wp-json\/wp\/v2\/categories?post=21462"},{"taxonomy":"post_tag","embeddable":true,"href":"https:\/\/www.fazenda.niteroi.rj.gov.br\/site\/wp-json\/wp\/v2\/tags?post=21462"}],"curies":[{"name":"wp","href":"https:\/\/api.w.org\/{rel}","templated":true}]}}