{"id":21536,"date":"2023-03-20T17:58:16","date_gmt":"2023-03-20T20:58:16","guid":{"rendered":"https:\/\/www.fazenda.niteroi.rj.gov.br\/site\/?p=21536"},"modified":"2023-03-20T17:58:38","modified_gmt":"2023-03-20T20:58:38","slug":"agenda-20-03-2023-segunda-feira","status":"publish","type":"post","link":"https:\/\/www.fazenda.niteroi.rj.gov.br\/site\/agenda-20-03-2023-segunda-feira\/","title":{"rendered":"Agenda 20\/03\/2023 Segunda \u2013Feira"},"content":{"rendered":"\n<p>10h<br>Caf\u00e9 da manh\u00e3 com o Vereador Sr. Marcos Sabino<br>Local: SMF<\/p>\n\n\n\n<p>14h<br>Reuni\u00e3o com Subsecret\u00e1rio de Finan\u00e7as Sr. Heitor Moreira, Subs. de Receitas Juan Rodrigues e Diretor Sr. Lucas Paz,<br>Local: SMF<\/p>\n\n\n\n<p>17h<br>Reuni\u00e3o com Subs de Finan\u00e7as Sr. Heitor Moreira, Subs de Contabilidade Sra. Fernanda Rodrigues, Diretor de Contabilidade Sr. Thiago Resende, Diretor de Controle Interno Sr. Pedro Reys<br>Local: SMF<\/p>\n","protected":false},"excerpt":{"rendered":"<p>10hCaf\u00e9 da manh\u00e3 com o Vereador Sr. Marcos SabinoLocal: SMF 14hReuni\u00e3o com Subsecret\u00e1rio de Finan\u00e7as Sr. Heitor Moreira, Subs. de Receitas Juan Rodrigues e Diretor Sr. Lucas Paz,Local: SMF 17hReuni\u00e3o [&hellip;]<\/p>\n","protected":false},"author":20,"featured_media":0,"comment_status":"closed","ping_status":"closed","sticky":false,"template":"","format":"standard","meta":{"_et_pb_use_builder":"","_et_pb_old_content":"","_et_gb_content_width":"","_usar_header_alternativo":false,"footnotes":""},"categories":[394],"tags":[397,452],"class_list":["post-21536","post","type-post","status-publish","format-standard","hentry","category-agenda","tag-agenda-da-secretaria","tag-transparencia","et-doesnt-have-format-content","et_post_format-et-post-format-standard"],"_links":{"self":[{"href":"https:\/\/www.fazenda.niteroi.rj.gov.br\/site\/wp-json\/wp\/v2\/posts\/21536","targetHints":{"allow":["GET"]}}],"collection":[{"href":"https:\/\/www.fazenda.niteroi.rj.gov.br\/site\/wp-json\/wp\/v2\/posts"}],"about":[{"href":"https:\/\/www.fazenda.niteroi.rj.gov.br\/site\/wp-json\/wp\/v2\/types\/post"}],"author":[{"embeddable":true,"href":"https:\/\/www.fazenda.niteroi.rj.gov.br\/site\/wp-json\/wp\/v2\/users\/20"}],"replies":[{"embeddable":true,"href":"https:\/\/www.fazenda.niteroi.rj.gov.br\/site\/wp-json\/wp\/v2\/comments?post=21536"}],"version-history":[{"count":1,"href":"https:\/\/www.fazenda.niteroi.rj.gov.br\/site\/wp-json\/wp\/v2\/posts\/21536\/revisions"}],"predecessor-version":[{"id":21537,"href":"https:\/\/www.fazenda.niteroi.rj.gov.br\/site\/wp-json\/wp\/v2\/posts\/21536\/revisions\/21537"}],"wp:attachment":[{"href":"https:\/\/www.fazenda.niteroi.rj.gov.br\/site\/wp-json\/wp\/v2\/media?parent=21536"}],"wp:term":[{"taxonomy":"category","embeddable":true,"href":"https:\/\/www.fazenda.niteroi.rj.gov.br\/site\/wp-json\/wp\/v2\/categories?post=21536"},{"taxonomy":"post_tag","embeddable":true,"href":"https:\/\/www.fazenda.niteroi.rj.gov.br\/site\/wp-json\/wp\/v2\/tags?post=21536"}],"curies":[{"name":"wp","href":"https:\/\/api.w.org\/{rel}","templated":true}]}}