{"id":21602,"date":"2023-03-30T15:03:34","date_gmt":"2023-03-30T18:03:34","guid":{"rendered":"https:\/\/www.fazenda.niteroi.rj.gov.br\/site\/?p=21602"},"modified":"2023-03-30T15:03:44","modified_gmt":"2023-03-30T18:03:44","slug":"pauta-de-julgamento-para-o-dia-05-de-abril-de-2023-2","status":"publish","type":"post","link":"https:\/\/www.fazenda.niteroi.rj.gov.br\/site\/pauta-de-julgamento-para-o-dia-05-de-abril-de-2023-2\/","title":{"rendered":"PAUTA DE JULGAMENTO PARA O DIA 05 DE ABRIL DE 2023"},"content":{"rendered":"\n\n\n<p><strong>&nbsp;&nbsp;&nbsp;&nbsp;&nbsp;&nbsp;&nbsp;&nbsp;&nbsp;&nbsp;&nbsp;&nbsp;&nbsp;&nbsp;&nbsp;&nbsp;&nbsp;&nbsp;&nbsp;&nbsp;&nbsp;&nbsp;&nbsp;&nbsp;&nbsp;&nbsp;&nbsp;&nbsp;&nbsp;&nbsp;&nbsp;&nbsp;&nbsp;&nbsp;&nbsp;&nbsp;&nbsp;&nbsp;&nbsp;&nbsp; PREFEITURA MUNICIPAL DE NIEROI<\/strong><\/p>\n\n\n\n<p><strong>&nbsp;&nbsp;&nbsp;&nbsp;&nbsp;&nbsp;&nbsp;&nbsp;&nbsp;&nbsp;&nbsp;&nbsp;&nbsp;&nbsp; <u>SECRETARIA MUNICIPAL DE FAZENDA<\/u><\/strong><\/p>\n\n\n\n<p><strong><u>CONSELHO DE CONTRIBUINTES DO MUNIC\u00cdPIO DE NITER\u00d3I &#8211; FCCN<\/u><\/strong><\/p>\n\n\n\n<p><strong>REUNI\u00c3O VIRTUAL PARA JULGAMENTO DE RECURSOS, A SER REALIZADA NO DIA 05 DE ABRIL DE 2023, COM IN\u00cdCIO AS 10:00 HORAS.<\/strong><\/p>\n\n\n\n<p><strong><u>Pauta de julgamento &#8211; Sess\u00e3o Virtual <\/u><\/strong><strong>(Art. 15, parag. 3\u00b0, da Lei 2.228\/2005, Art. 76 do Decreto 9.735\/2005 e art. 4\u00ba da Resolu\u00e7\u00e3o n\u00ba 01\/2020 do Conselho de Contribuintes do Munic\u00edpio de Niter\u00f3i)<\/strong><\/p>\n\n\n\n<p>1.409\u00ba Sess\u00e3o Ordin\u00e1ria:<\/p>\n\n\n\n<p><strong>&nbsp;1. PROCESSO:&nbsp; 030\/019.016\/2021<\/strong><\/p>\n\n\n\n<p>RECORRENTE: Sra. Ana Elizabeth Basbaum Gosling<\/p>\n\n\n\n<p>RECORRIDO: &#8211; Secretaria Municipal de Fazenda &nbsp;<\/p>\n\n\n\n<p>REP. DA FAZENDA: Andr\u00e9 Lu\u00eds Cardoso Pires<\/p>\n\n\n\n<p>RELATOR: Luiz Claudio Oliveira Moreira<\/p>\n\n\n\n<p><strong>2. PROCESSO: 030\/029.572\/2019<\/strong><\/p>\n\n\n\n<p>RECORRENTE: &#8211; Secretaria Municipal de Fazenda<\/p>\n\n\n\n<p>RECORRIDO: &#8211;&nbsp; Empresa Brasileira de Estacionamento Ltda<\/p>\n\n\n\n<p>REP. DA FAZENDA: &#8211; Andr\u00e9 Lu\u00eds Cardoso Pires<\/p>\n\n\n\n<p>RELATOR: &#8211;&nbsp; Roberto Pedreira Ferreira Curi<\/p>\n\n\n\n<p><strong>3. PROCESSO: 030\/029.574\/2019<\/strong><\/p>\n\n\n\n<p>RECORRENTE: &#8211; Secretaria Municipal de Fazenda<\/p>\n\n\n\n<p>RECORRIDO: &#8211;&nbsp; Empresa Brasileira de Estacionamento Ltda<\/p>\n\n\n\n<p>REP. DA FAZENDA: &#8211; Andr\u00e9 Lu\u00eds Cardoso Pires<\/p>\n\n\n\n<p>RELATOR: &#8211;&nbsp; Roberto Pedreira Ferreira Curi<\/p>\n\n\n\n<p><strong>4. PROCESSO: 030\/029.577\/2019<\/strong><\/p>\n\n\n\n<p>RECORRENTE: &#8211; Secretaria Municipal de Fazenda<\/p>\n\n\n\n<p>RECORRIDO: &#8211;&nbsp; Empresa Brasileira de Estacionamento Ltda<\/p>\n\n\n\n<p>REP. DA FAZENDA: &#8211; Andr\u00e9 Lu\u00eds Cardoso Pires<\/p>\n\n\n\n<p>RELATOR: &#8211;&nbsp; Roberto Pedreira Ferreira Curi<\/p>\n\n\n\n<p><strong>5. PROCESSO: 030\/029.580\/2019<\/strong><\/p>\n\n\n\n<p>RECORRENTE: &#8211; Secretaria Municipal de Fazenda<\/p>\n\n\n\n<p>RECORRIDO: &#8211;&nbsp; Empresa Brasileira de Estacionamento Ltda<\/p>\n\n\n\n<p>REP. DA FAZENDA: &#8211; Andr\u00e9 Lu\u00eds Cardoso Pires<\/p>\n\n\n\n<p>RELATOR: &#8211;&nbsp; Roberto Pedreira Ferreira Curi<\/p>\n\n\n\n<p>CONSELHO DE CONTRIBUINTES, em 30 de mar\u00e7o de 2023<\/p>\n","protected":false},"excerpt":{"rendered":"<p>&nbsp;&nbsp;&nbsp;&nbsp;&nbsp;&nbsp;&nbsp;&nbsp;&nbsp;&nbsp;&nbsp;&nbsp;&nbsp;&nbsp;&nbsp;&nbsp;&nbsp;&nbsp;&nbsp;&nbsp;&nbsp;&nbsp;&nbsp;&nbsp;&nbsp;&nbsp;&nbsp;&nbsp;&nbsp;&nbsp;&nbsp;&nbsp;&nbsp;&nbsp;&nbsp;&nbsp;&nbsp;&nbsp;&nbsp;&nbsp; PREFEITURA MUNICIPAL DE NIEROI &nbsp;&nbsp;&nbsp;&nbsp;&nbsp;&nbsp;&nbsp;&nbsp;&nbsp;&nbsp;&nbsp;&nbsp;&nbsp;&nbsp; SECRETARIA MUNICIPAL DE FAZENDA CONSELHO DE CONTRIBUINTES DO MUNIC\u00cdPIO DE NITER\u00d3I &#8211; FCCN REUNI\u00c3O VIRTUAL PARA JULGAMENTO DE RECURSOS, A SER REALIZADA NO DIA [&hellip;]<\/p>\n","protected":false},"author":4,"featured_media":0,"comment_status":"closed","ping_status":"closed","sticky":false,"template":"","format":"standard","meta":{"_et_pb_use_builder":"","_et_pb_old_content":"","_et_gb_content_width":"","_usar_header_alternativo":false,"footnotes":""},"categories":[126,132],"tags":[],"class_list":["post-21602","post","type-post","status-publish","format-standard","hentry","category-ccn","category-pautas","et-doesnt-have-format-content","et_post_format-et-post-format-standard"],"_links":{"self":[{"href":"https:\/\/www.fazenda.niteroi.rj.gov.br\/site\/wp-json\/wp\/v2\/posts\/21602","targetHints":{"allow":["GET"]}}],"collection":[{"href":"https:\/\/www.fazenda.niteroi.rj.gov.br\/site\/wp-json\/wp\/v2\/posts"}],"about":[{"href":"https:\/\/www.fazenda.niteroi.rj.gov.br\/site\/wp-json\/wp\/v2\/types\/post"}],"author":[{"embeddable":true,"href":"https:\/\/www.fazenda.niteroi.rj.gov.br\/site\/wp-json\/wp\/v2\/users\/4"}],"replies":[{"embeddable":true,"href":"https:\/\/www.fazenda.niteroi.rj.gov.br\/site\/wp-json\/wp\/v2\/comments?post=21602"}],"version-history":[{"count":1,"href":"https:\/\/www.fazenda.niteroi.rj.gov.br\/site\/wp-json\/wp\/v2\/posts\/21602\/revisions"}],"predecessor-version":[{"id":21603,"href":"https:\/\/www.fazenda.niteroi.rj.gov.br\/site\/wp-json\/wp\/v2\/posts\/21602\/revisions\/21603"}],"wp:attachment":[{"href":"https:\/\/www.fazenda.niteroi.rj.gov.br\/site\/wp-json\/wp\/v2\/media?parent=21602"}],"wp:term":[{"taxonomy":"category","embeddable":true,"href":"https:\/\/www.fazenda.niteroi.rj.gov.br\/site\/wp-json\/wp\/v2\/categories?post=21602"},{"taxonomy":"post_tag","embeddable":true,"href":"https:\/\/www.fazenda.niteroi.rj.gov.br\/site\/wp-json\/wp\/v2\/tags?post=21602"}],"curies":[{"name":"wp","href":"https:\/\/api.w.org\/{rel}","templated":true}]}}