{"id":21735,"date":"2023-04-12T11:00:29","date_gmt":"2023-04-12T14:00:29","guid":{"rendered":"https:\/\/www.fazenda.niteroi.rj.gov.br\/site\/?p=21735"},"modified":"2023-04-14T11:03:56","modified_gmt":"2023-04-14T14:03:56","slug":"agenda-12-04-2023-quarta-feira-2","status":"publish","type":"post","link":"https:\/\/www.fazenda.niteroi.rj.gov.br\/site\/agenda-12-04-2023-quarta-feira-2\/","title":{"rendered":"Agenda 12\/04\/2023 Quarta-Feira"},"content":{"rendered":"\n<p>10h<\/p>\n\n\n\n<p>Despacho Interno com Subs de Finan\u00e7as Sr. Heitor Moreira, Subs de Receitas Sr. Juan Rodrigues, Fiscal Sr. Raphael Guingo, Diretora de Comunica\u00e7\u00e3o Sra. Karoline Nogueira, Assessora Sra. Fernanda Fraga.<\/p>\n\n\n\n<p>14h<br>Reuni\u00e3o com o Comit\u00ea de \u00e9tica<br>Local: SMF<\/p>\n\n\n\n<p>15h30<br>Despacho Interno com Subs. de Finan\u00e7as Sr. Heitor Moreira, Diretor de Finan\u00e7as Sr. Lucas Paz e Superintendente Jur\u00eddico Sr. Guilherme Hombeeck<br><\/p>\n\n\n\n<p><\/p>\n","protected":false},"excerpt":{"rendered":"<p>10h Despacho Interno com Subs de Finan\u00e7as Sr. Heitor Moreira, Subs de Receitas Sr. Juan Rodrigues, Fiscal Sr. Raphael Guingo, Diretora de Comunica\u00e7\u00e3o Sra. Karoline Nogueira, Assessora Sra. Fernanda Fraga. [&hellip;]<\/p>\n","protected":false},"author":20,"featured_media":0,"comment_status":"closed","ping_status":"closed","sticky":false,"template":"","format":"standard","meta":{"_et_pb_use_builder":"","_et_pb_old_content":"","_et_gb_content_width":"","_usar_header_alternativo":false,"footnotes":""},"categories":[394],"tags":[397,452],"class_list":["post-21735","post","type-post","status-publish","format-standard","hentry","category-agenda","tag-agenda-da-secretaria","tag-transparencia","et-doesnt-have-format-content","et_post_format-et-post-format-standard"],"_links":{"self":[{"href":"https:\/\/www.fazenda.niteroi.rj.gov.br\/site\/wp-json\/wp\/v2\/posts\/21735","targetHints":{"allow":["GET"]}}],"collection":[{"href":"https:\/\/www.fazenda.niteroi.rj.gov.br\/site\/wp-json\/wp\/v2\/posts"}],"about":[{"href":"https:\/\/www.fazenda.niteroi.rj.gov.br\/site\/wp-json\/wp\/v2\/types\/post"}],"author":[{"embeddable":true,"href":"https:\/\/www.fazenda.niteroi.rj.gov.br\/site\/wp-json\/wp\/v2\/users\/20"}],"replies":[{"embeddable":true,"href":"https:\/\/www.fazenda.niteroi.rj.gov.br\/site\/wp-json\/wp\/v2\/comments?post=21735"}],"version-history":[{"count":1,"href":"https:\/\/www.fazenda.niteroi.rj.gov.br\/site\/wp-json\/wp\/v2\/posts\/21735\/revisions"}],"predecessor-version":[{"id":21736,"href":"https:\/\/www.fazenda.niteroi.rj.gov.br\/site\/wp-json\/wp\/v2\/posts\/21735\/revisions\/21736"}],"wp:attachment":[{"href":"https:\/\/www.fazenda.niteroi.rj.gov.br\/site\/wp-json\/wp\/v2\/media?parent=21735"}],"wp:term":[{"taxonomy":"category","embeddable":true,"href":"https:\/\/www.fazenda.niteroi.rj.gov.br\/site\/wp-json\/wp\/v2\/categories?post=21735"},{"taxonomy":"post_tag","embeddable":true,"href":"https:\/\/www.fazenda.niteroi.rj.gov.br\/site\/wp-json\/wp\/v2\/tags?post=21735"}],"curies":[{"name":"wp","href":"https:\/\/api.w.org\/{rel}","templated":true}]}}