{"id":21737,"date":"2023-04-13T11:04:30","date_gmt":"2023-04-13T14:04:30","guid":{"rendered":"https:\/\/www.fazenda.niteroi.rj.gov.br\/site\/?p=21737"},"modified":"2023-04-14T11:07:49","modified_gmt":"2023-04-14T14:07:49","slug":"agenda-13-04-2023-quinta-feira","status":"publish","type":"post","link":"https:\/\/www.fazenda.niteroi.rj.gov.br\/site\/agenda-13-04-2023-quinta-feira\/","title":{"rendered":"Agenda 13\/04\/2023 Quinta-Feira"},"content":{"rendered":"\n<p>11h<br>Reuni\u00e3o com Secret\u00e1rio de Estado de Fazenda Sr. Leonardo Lobo<br>Local: SEFAZ &#8211; Av. Presidente Vargas n\u00ba 670 <\/p>\n\n\n\n<p>14h30<br>Reuni\u00e3o na SEFAZ &#8211; Integra\u00e7\u00e3o entre as Secretarias de Fazenda<br>Local: SEFAZ &#8211; Av. Presidente Vargas n\u00ba 670 <\/p>\n","protected":false},"excerpt":{"rendered":"<p>11hReuni\u00e3o com Secret\u00e1rio de Estado de Fazenda Sr. Leonardo LoboLocal: SEFAZ &#8211; Av. Presidente Vargas n\u00ba 670 14h30Reuni\u00e3o na SEFAZ &#8211; Integra\u00e7\u00e3o entre as Secretarias de FazendaLocal: SEFAZ &#8211; Av. [&hellip;]<\/p>\n","protected":false},"author":20,"featured_media":0,"comment_status":"closed","ping_status":"closed","sticky":false,"template":"","format":"standard","meta":{"_et_pb_use_builder":"","_et_pb_old_content":"","_et_gb_content_width":"","_usar_header_alternativo":false,"footnotes":""},"categories":[394],"tags":[397,452],"class_list":["post-21737","post","type-post","status-publish","format-standard","hentry","category-agenda","tag-agenda-da-secretaria","tag-transparencia","et-doesnt-have-format-content","et_post_format-et-post-format-standard"],"_links":{"self":[{"href":"https:\/\/www.fazenda.niteroi.rj.gov.br\/site\/wp-json\/wp\/v2\/posts\/21737","targetHints":{"allow":["GET"]}}],"collection":[{"href":"https:\/\/www.fazenda.niteroi.rj.gov.br\/site\/wp-json\/wp\/v2\/posts"}],"about":[{"href":"https:\/\/www.fazenda.niteroi.rj.gov.br\/site\/wp-json\/wp\/v2\/types\/post"}],"author":[{"embeddable":true,"href":"https:\/\/www.fazenda.niteroi.rj.gov.br\/site\/wp-json\/wp\/v2\/users\/20"}],"replies":[{"embeddable":true,"href":"https:\/\/www.fazenda.niteroi.rj.gov.br\/site\/wp-json\/wp\/v2\/comments?post=21737"}],"version-history":[{"count":1,"href":"https:\/\/www.fazenda.niteroi.rj.gov.br\/site\/wp-json\/wp\/v2\/posts\/21737\/revisions"}],"predecessor-version":[{"id":21738,"href":"https:\/\/www.fazenda.niteroi.rj.gov.br\/site\/wp-json\/wp\/v2\/posts\/21737\/revisions\/21738"}],"wp:attachment":[{"href":"https:\/\/www.fazenda.niteroi.rj.gov.br\/site\/wp-json\/wp\/v2\/media?parent=21737"}],"wp:term":[{"taxonomy":"category","embeddable":true,"href":"https:\/\/www.fazenda.niteroi.rj.gov.br\/site\/wp-json\/wp\/v2\/categories?post=21737"},{"taxonomy":"post_tag","embeddable":true,"href":"https:\/\/www.fazenda.niteroi.rj.gov.br\/site\/wp-json\/wp\/v2\/tags?post=21737"}],"curies":[{"name":"wp","href":"https:\/\/api.w.org\/{rel}","templated":true}]}}