{"id":21839,"date":"2023-04-28T14:13:31","date_gmt":"2023-04-28T17:13:31","guid":{"rendered":"https:\/\/www.fazenda.niteroi.rj.gov.br\/site\/?p=21839"},"modified":"2023-04-28T14:14:20","modified_gmt":"2023-04-28T17:14:20","slug":"lista-de-candidatos-para-presidente-do-conselho-de-contribuintes-do-municipio-de-niteroi","status":"publish","type":"post","link":"https:\/\/www.fazenda.niteroi.rj.gov.br\/site\/lista-de-candidatos-para-presidente-do-conselho-de-contribuintes-do-municipio-de-niteroi\/","title":{"rendered":"LISTA DE CANDIDATOS PARA PRESIDENTE DO CONSELHO DE CONTRIBUINTES DO MUNIC\u00cdPIO DE NITER\u00d3I"},"content":{"rendered":"\n<p>Carlos Mauro Naylor<\/p>\n\n\n\n<p>Luiz Felipe Carreira Marques<\/p>\n\n\n\n<p>Luiz Alberto Soares<\/p>\n\n\n\n<p>M\u00e1rcio Mateus de Macedo<\/p>\n\n\n\n<p>A elei\u00e7\u00e3o do Presidente do Conselho de Contribuintes do Munic\u00edpio de Niter\u00f3i vai acontecer no dia 08 de maio de 2023, segunda-feira, das 09:00h as 16:00hs, de modo presencial, na sala do Conselho de Contribuintes.<\/p>\n\n\n\n<p>Todos os Auditores Fiscais da Receita Municipal podem votar em apenas um nome da lista acima para Presidente, n\u00e3o sendo v\u00e1lidos os votos em nomes que n\u00e3o estejam na lista, nem votos em branco ou em mais de um nome, nos termos do inciso V do artigo 4\u00ba da Resolu\u00e7\u00e3o n\u00ba 079\/SMF\/2023.<\/p>\n","protected":false},"excerpt":{"rendered":"<p>Carlos Mauro Naylor Luiz Felipe Carreira Marques Luiz Alberto Soares M\u00e1rcio Mateus de Macedo A elei\u00e7\u00e3o do Presidente do Conselho de Contribuintes do Munic\u00edpio de Niter\u00f3i vai acontecer no dia [&hellip;]<\/p>\n","protected":false},"author":4,"featured_media":0,"comment_status":"closed","ping_status":"closed","sticky":false,"template":"","format":"standard","meta":{"_et_pb_use_builder":"","_et_pb_old_content":"","_et_gb_content_width":"","_usar_header_alternativo":false,"footnotes":""},"categories":[403,126],"tags":[],"class_list":["post-21839","post","type-post","status-publish","format-standard","hentry","category-editais","category-ccn","et-doesnt-have-format-content","et_post_format-et-post-format-standard"],"_links":{"self":[{"href":"https:\/\/www.fazenda.niteroi.rj.gov.br\/site\/wp-json\/wp\/v2\/posts\/21839","targetHints":{"allow":["GET"]}}],"collection":[{"href":"https:\/\/www.fazenda.niteroi.rj.gov.br\/site\/wp-json\/wp\/v2\/posts"}],"about":[{"href":"https:\/\/www.fazenda.niteroi.rj.gov.br\/site\/wp-json\/wp\/v2\/types\/post"}],"author":[{"embeddable":true,"href":"https:\/\/www.fazenda.niteroi.rj.gov.br\/site\/wp-json\/wp\/v2\/users\/4"}],"replies":[{"embeddable":true,"href":"https:\/\/www.fazenda.niteroi.rj.gov.br\/site\/wp-json\/wp\/v2\/comments?post=21839"}],"version-history":[{"count":1,"href":"https:\/\/www.fazenda.niteroi.rj.gov.br\/site\/wp-json\/wp\/v2\/posts\/21839\/revisions"}],"predecessor-version":[{"id":21840,"href":"https:\/\/www.fazenda.niteroi.rj.gov.br\/site\/wp-json\/wp\/v2\/posts\/21839\/revisions\/21840"}],"wp:attachment":[{"href":"https:\/\/www.fazenda.niteroi.rj.gov.br\/site\/wp-json\/wp\/v2\/media?parent=21839"}],"wp:term":[{"taxonomy":"category","embeddable":true,"href":"https:\/\/www.fazenda.niteroi.rj.gov.br\/site\/wp-json\/wp\/v2\/categories?post=21839"},{"taxonomy":"post_tag","embeddable":true,"href":"https:\/\/www.fazenda.niteroi.rj.gov.br\/site\/wp-json\/wp\/v2\/tags?post=21839"}],"curies":[{"name":"wp","href":"https:\/\/api.w.org\/{rel}","templated":true}]}}