{"id":21877,"date":"2023-05-04T16:13:28","date_gmt":"2023-05-04T19:13:28","guid":{"rendered":"https:\/\/www.fazenda.niteroi.rj.gov.br\/site\/?p=21877"},"modified":"2023-05-05T10:09:28","modified_gmt":"2023-05-05T13:09:28","slug":"pauta-de-julgamento-para-o-dia-10-de-maio-de-2023","status":"publish","type":"post","link":"https:\/\/www.fazenda.niteroi.rj.gov.br\/site\/pauta-de-julgamento-para-o-dia-10-de-maio-de-2023\/","title":{"rendered":"PAUTA DE JULGAMENTO PARA O DIA 10 DE MAIO DE 2023"},"content":{"rendered":"\n<p><strong>&nbsp;&nbsp;&nbsp;&nbsp;&nbsp;&nbsp;&nbsp;&nbsp;&nbsp;&nbsp;&nbsp;&nbsp;&nbsp;&nbsp;&nbsp;&nbsp;&nbsp;&nbsp;&nbsp;&nbsp;&nbsp;&nbsp;&nbsp;&nbsp;&nbsp;&nbsp;&nbsp;&nbsp;&nbsp;&nbsp; <\/strong><strong>PREFEITURA MUNICIPAL DE NIER\u00d3I<\/strong><\/p>\n\n\n\n<p><strong>&nbsp;&nbsp;&nbsp;&nbsp;&nbsp;&nbsp; <u>SECRETARIA MUNICIPAL DE FAZENDA<\/u><\/strong><\/p>\n\n\n\n<p><strong><u>CONSELHO DE CONTRIBUINTES DO MUNIC\u00cdPIO DE NITER\u00d3I &#8211; FCCN<\/u><\/strong><\/p>\n\n\n\n<p><strong>REUNI\u00c3O VIRTUAL PARA JULGAMENTO DE RECURSOS, A SER REALIZADA NO DIA 10 DE MAIO DE 2023, COM IN\u00cdCIO AS 10:00 HORAS.<\/strong><\/p>\n\n\n\n<p><strong><u>Pauta de julgamento &#8211; Sess\u00e3o Virtual <\/u><\/strong><strong>(Art. 15, parag. 3\u00b0, da Lei 2.228\/2005, Art. 76 do Decreto 9.735\/2005 e art. 4\u00ba da Resolu\u00e7\u00e3o n\u00ba 01\/2020 do Conselho de Contribuintes do Munic\u00edpio de Niter\u00f3i)<\/strong><\/p>\n\n\n\n<p><strong><u>1.417\u00ba Sess\u00e3o Ordin\u00e1ria:<\/u><\/strong><\/p>\n\n\n\n<p><strong>&nbsp;1. PROCESSO:&nbsp; 030\/018.848\/2019<\/strong><\/p>\n\n\n\n<p>&nbsp;&nbsp;&nbsp;&nbsp; RECORRENTE: Centro de Ensino Babyl\u00e2ndia e Atua\u00e7\u00e3o Ltda<\/p>\n\n\n\n<p>&nbsp;&nbsp;&nbsp;&nbsp; RECORRIDO: Secretaria Municipal de Fazenda<\/p>\n\n\n\n<p>&nbsp;&nbsp;&nbsp;&nbsp; REP. DA FAZENDA: Rafael Henze Pimentel<\/p>\n\n\n\n<p>&nbsp;&nbsp;&nbsp;&nbsp; RELATOR: Francisco da Cunha Ferreira<\/p>\n\n\n\n<p>&nbsp;&nbsp;&nbsp;&nbsp; Sustenta\u00e7\u00e3o Oral: Dra. Soraia Brand\u00e3o<\/p>\n\n\n\n<p>&nbsp;<strong>2. PROCESSO:&nbsp; 030\/018.851\/2019<\/strong><\/p>\n\n\n\n<p>&nbsp;&nbsp;&nbsp;&nbsp; RECORRENTE: Centro de Ensino Babyl\u00e2ndia e Atua\u00e7\u00e3o Ltda<\/p>\n\n\n\n<p>&nbsp;&nbsp;&nbsp;&nbsp; RECORRIDO: Secretaria Municipal de Fazenda<\/p>\n\n\n\n<p>&nbsp;&nbsp;&nbsp;&nbsp; REP. DA FAZENDA: Rafael Henze Pimentel &nbsp;<\/p>\n\n\n\n<p>&nbsp;&nbsp;&nbsp;&nbsp; RELATOR: Francisco da Cunha Ferreira<\/p>\n\n\n\n<p>&nbsp;&nbsp;&nbsp;&nbsp; SUSTENTA\u00c7\u00c3O ORAL: Dra. Soraia Brand\u00e3o<\/p>\n\n\n\n<p><strong>3. PROCESSO: 030\/018.856\/2019<\/strong><\/p>\n\n\n\n<p><strong>&nbsp;&nbsp;&nbsp;&nbsp; <\/strong>RECORRENTE: Centro de Ensino Babyl\u00e2ndia e Atua\u00e7\u00e3o<\/p>\n\n\n\n<p>&nbsp;&nbsp;&nbsp;&nbsp; RECORRIDO: Secretaria Municipal de Fazenda<\/p>\n\n\n\n<p>&nbsp;&nbsp;&nbsp;&nbsp; REP. DA FAZENDA: Rafael Henze Pimentel<\/p>\n\n\n\n<p>&nbsp;&nbsp;&nbsp;&nbsp; RELATOR: Francisco da Cunha Ferreira<\/p>\n\n\n\n<p>&nbsp;&nbsp;&nbsp;&nbsp; SUSTENTA\u00c7\u00c3O ORAL: Soraia Brand\u00e3o<\/p>\n\n\n\n<p><\/p>\n\n\n\n<p><strong>CONSELHO DE CONTRIBUINTES, em 04 de maio de 2023<\/strong><strong><\/strong><\/p>\n","protected":false},"excerpt":{"rendered":"<p>&nbsp;&nbsp;&nbsp;&nbsp;&nbsp;&nbsp;&nbsp;&nbsp;&nbsp;&nbsp;&nbsp;&nbsp;&nbsp;&nbsp;&nbsp;&nbsp;&nbsp;&nbsp;&nbsp;&nbsp;&nbsp;&nbsp;&nbsp;&nbsp;&nbsp;&nbsp;&nbsp;&nbsp;&nbsp;&nbsp; PREFEITURA MUNICIPAL DE NIER\u00d3I &nbsp;&nbsp;&nbsp;&nbsp;&nbsp;&nbsp; SECRETARIA MUNICIPAL DE FAZENDA CONSELHO DE CONTRIBUINTES DO MUNIC\u00cdPIO DE NITER\u00d3I &#8211; FCCN REUNI\u00c3O VIRTUAL PARA JULGAMENTO DE RECURSOS, A SER REALIZADA NO DIA [&hellip;]<\/p>\n","protected":false},"author":4,"featured_media":0,"comment_status":"closed","ping_status":"closed","sticky":false,"template":"","format":"standard","meta":{"_et_pb_use_builder":"","_et_pb_old_content":"","_et_gb_content_width":"","_usar_header_alternativo":false,"footnotes":""},"categories":[116],"tags":[],"class_list":["post-21877","post","type-post","status-publish","format-standard","hentry","category-rascunhos","et-doesnt-have-format-content","et_post_format-et-post-format-standard"],"_links":{"self":[{"href":"https:\/\/www.fazenda.niteroi.rj.gov.br\/site\/wp-json\/wp\/v2\/posts\/21877","targetHints":{"allow":["GET"]}}],"collection":[{"href":"https:\/\/www.fazenda.niteroi.rj.gov.br\/site\/wp-json\/wp\/v2\/posts"}],"about":[{"href":"https:\/\/www.fazenda.niteroi.rj.gov.br\/site\/wp-json\/wp\/v2\/types\/post"}],"author":[{"embeddable":true,"href":"https:\/\/www.fazenda.niteroi.rj.gov.br\/site\/wp-json\/wp\/v2\/users\/4"}],"replies":[{"embeddable":true,"href":"https:\/\/www.fazenda.niteroi.rj.gov.br\/site\/wp-json\/wp\/v2\/comments?post=21877"}],"version-history":[{"count":2,"href":"https:\/\/www.fazenda.niteroi.rj.gov.br\/site\/wp-json\/wp\/v2\/posts\/21877\/revisions"}],"predecessor-version":[{"id":21882,"href":"https:\/\/www.fazenda.niteroi.rj.gov.br\/site\/wp-json\/wp\/v2\/posts\/21877\/revisions\/21882"}],"wp:attachment":[{"href":"https:\/\/www.fazenda.niteroi.rj.gov.br\/site\/wp-json\/wp\/v2\/media?parent=21877"}],"wp:term":[{"taxonomy":"category","embeddable":true,"href":"https:\/\/www.fazenda.niteroi.rj.gov.br\/site\/wp-json\/wp\/v2\/categories?post=21877"},{"taxonomy":"post_tag","embeddable":true,"href":"https:\/\/www.fazenda.niteroi.rj.gov.br\/site\/wp-json\/wp\/v2\/tags?post=21877"}],"curies":[{"name":"wp","href":"https:\/\/api.w.org\/{rel}","templated":true}]}}