{"id":21899,"date":"2023-05-08T16:37:26","date_gmt":"2023-05-08T19:37:26","guid":{"rendered":"https:\/\/www.fazenda.niteroi.rj.gov.br\/site\/?p=21899"},"modified":"2023-05-08T16:37:51","modified_gmt":"2023-05-08T19:37:51","slug":"resultado-da-votacao-para-presidente-do-conselho-de-contribuintes-para-o-bienio-de-junho-2023-a-junho-2025","status":"publish","type":"post","link":"https:\/\/www.fazenda.niteroi.rj.gov.br\/site\/resultado-da-votacao-para-presidente-do-conselho-de-contribuintes-para-o-bienio-de-junho-2023-a-junho-2025\/","title":{"rendered":"RESULTADO DA VOTA\u00c7\u00c3O PARA PRESIDENTE DO CONSELHO DE CONTRIBUINTES PARA O BI\u00caNIO DE JUNHO\/2023 A JUNHO\/2025"},"content":{"rendered":"\n<p>N\u00famero de votantes: 28<\/p>\n\n\n\n<p>Votos v\u00e1lidos: 28<\/p>\n\n\n\n<p>Carlos Mauro Naylor: 15 votos &#8211; Presidente eleito <\/p>\n\n\n\n<p>M\u00e1rcio Mateus de Macedo: 06 votos<\/p>\n\n\n\n<p>Luiz Felipe Carreira Marques: 05 votos<\/p>\n\n\n\n<p>Luiz Alberto Soares: 02 votos<\/p>\n\n\n\n<p><\/p>\n\n\n\n<p>Representantes da Fazenda escolhidos de comum acordo entre o Presidente eleito e o Subsecret\u00e1rio de Receita, nos termos  do artigo 5\u00ba da Resolu\u00e7\u00e3o n\u00ba 079\/SMF\/2023:<\/p>\n\n\n\n<p>Andr\u00e9 Lu\u00eds Cardoso Pires<\/p>\n\n\n\n<p>Rafael Henze Pimentel <\/p>\n\n\n\n<p>Maria Elisa Vidal Bernardo<\/p>\n","protected":false},"excerpt":{"rendered":"<p>N\u00famero de votantes: 28 Votos v\u00e1lidos: 28 Carlos Mauro Naylor: 15 votos &#8211; Presidente eleito M\u00e1rcio Mateus de Macedo: 06 votos Luiz Felipe Carreira Marques: 05 votos Luiz Alberto Soares: [&hellip;]<\/p>\n","protected":false},"author":4,"featured_media":0,"comment_status":"closed","ping_status":"closed","sticky":false,"template":"","format":"standard","meta":{"_et_pb_use_builder":"","_et_pb_old_content":"","_et_gb_content_width":"","_usar_header_alternativo":false,"footnotes":""},"categories":[126,10],"tags":[],"class_list":["post-21899","post","type-post","status-publish","format-standard","hentry","category-ccn","category-noticias","et-doesnt-have-format-content","et_post_format-et-post-format-standard"],"_links":{"self":[{"href":"https:\/\/www.fazenda.niteroi.rj.gov.br\/site\/wp-json\/wp\/v2\/posts\/21899","targetHints":{"allow":["GET"]}}],"collection":[{"href":"https:\/\/www.fazenda.niteroi.rj.gov.br\/site\/wp-json\/wp\/v2\/posts"}],"about":[{"href":"https:\/\/www.fazenda.niteroi.rj.gov.br\/site\/wp-json\/wp\/v2\/types\/post"}],"author":[{"embeddable":true,"href":"https:\/\/www.fazenda.niteroi.rj.gov.br\/site\/wp-json\/wp\/v2\/users\/4"}],"replies":[{"embeddable":true,"href":"https:\/\/www.fazenda.niteroi.rj.gov.br\/site\/wp-json\/wp\/v2\/comments?post=21899"}],"version-history":[{"count":1,"href":"https:\/\/www.fazenda.niteroi.rj.gov.br\/site\/wp-json\/wp\/v2\/posts\/21899\/revisions"}],"predecessor-version":[{"id":21900,"href":"https:\/\/www.fazenda.niteroi.rj.gov.br\/site\/wp-json\/wp\/v2\/posts\/21899\/revisions\/21900"}],"wp:attachment":[{"href":"https:\/\/www.fazenda.niteroi.rj.gov.br\/site\/wp-json\/wp\/v2\/media?parent=21899"}],"wp:term":[{"taxonomy":"category","embeddable":true,"href":"https:\/\/www.fazenda.niteroi.rj.gov.br\/site\/wp-json\/wp\/v2\/categories?post=21899"},{"taxonomy":"post_tag","embeddable":true,"href":"https:\/\/www.fazenda.niteroi.rj.gov.br\/site\/wp-json\/wp\/v2\/tags?post=21899"}],"curies":[{"name":"wp","href":"https:\/\/api.w.org\/{rel}","templated":true}]}}