{"id":21962,"date":"2023-05-26T10:51:17","date_gmt":"2023-05-26T13:51:17","guid":{"rendered":"https:\/\/www.fazenda.niteroi.rj.gov.br\/site\/?p=21962"},"modified":"2023-05-26T10:54:49","modified_gmt":"2023-05-26T13:54:49","slug":"agenda-26-05-2023-sexta-feira","status":"publish","type":"post","link":"https:\/\/www.fazenda.niteroi.rj.gov.br\/site\/agenda-26-05-2023-sexta-feira\/","title":{"rendered":"Agenda 26.05.2023 Sexta-Feira"},"content":{"rendered":"\n<p>09h<\/p>\n\n\n\n<p>Encontro com os Secret\u00e1rios<br>Local: Gabinete <\/p>\n\n\n\n<p><\/p>\n\n\n\n<p>09h30<br>Reuni\u00e3o com Dr. Guilherme Hombeeck &#8211; Superintendente Jur\u00eddico, Sr. Lucas Paz &#8211; Diretor<br><\/p>\n\n\n\n<p>11h<br>Reuni\u00e3o Virtual com Sra. Suzana Braga &#8211; Subsecret\u00e1ria de Rela\u00e7\u00f5es Financeiras Intergovernamentais &#8211; STN,  Dr. Guilherme Hombeeck &#8211; Superintendente Jur\u00eddico, Sr. Lucas Paz &#8211; Diretor<br>Pauta: Possibilidade de coopera\u00e7\u00e3o internacional <\/p>\n\n\n\n<p>15h<\/p>\n\n\n\n<p>Despacho Interno  <\/p>\n","protected":false},"excerpt":{"rendered":"<p>09h Encontro com os Secret\u00e1riosLocal: Gabinete 09h30Reuni\u00e3o com Dr. Guilherme Hombeeck &#8211; Superintendente Jur\u00eddico, Sr. Lucas Paz &#8211; Diretor 11hReuni\u00e3o Virtual com Sra. Suzana Braga &#8211; Subsecret\u00e1ria de Rela\u00e7\u00f5es Financeiras [&hellip;]<\/p>\n","protected":false},"author":20,"featured_media":0,"comment_status":"closed","ping_status":"closed","sticky":false,"template":"","format":"standard","meta":{"_et_pb_use_builder":"","_et_pb_old_content":"","_et_gb_content_width":"","_usar_header_alternativo":false,"footnotes":""},"categories":[394],"tags":[397,452],"class_list":["post-21962","post","type-post","status-publish","format-standard","hentry","category-agenda","tag-agenda-da-secretaria","tag-transparencia","et-doesnt-have-format-content","et_post_format-et-post-format-standard"],"_links":{"self":[{"href":"https:\/\/www.fazenda.niteroi.rj.gov.br\/site\/wp-json\/wp\/v2\/posts\/21962","targetHints":{"allow":["GET"]}}],"collection":[{"href":"https:\/\/www.fazenda.niteroi.rj.gov.br\/site\/wp-json\/wp\/v2\/posts"}],"about":[{"href":"https:\/\/www.fazenda.niteroi.rj.gov.br\/site\/wp-json\/wp\/v2\/types\/post"}],"author":[{"embeddable":true,"href":"https:\/\/www.fazenda.niteroi.rj.gov.br\/site\/wp-json\/wp\/v2\/users\/20"}],"replies":[{"embeddable":true,"href":"https:\/\/www.fazenda.niteroi.rj.gov.br\/site\/wp-json\/wp\/v2\/comments?post=21962"}],"version-history":[{"count":3,"href":"https:\/\/www.fazenda.niteroi.rj.gov.br\/site\/wp-json\/wp\/v2\/posts\/21962\/revisions"}],"predecessor-version":[{"id":21965,"href":"https:\/\/www.fazenda.niteroi.rj.gov.br\/site\/wp-json\/wp\/v2\/posts\/21962\/revisions\/21965"}],"wp:attachment":[{"href":"https:\/\/www.fazenda.niteroi.rj.gov.br\/site\/wp-json\/wp\/v2\/media?parent=21962"}],"wp:term":[{"taxonomy":"category","embeddable":true,"href":"https:\/\/www.fazenda.niteroi.rj.gov.br\/site\/wp-json\/wp\/v2\/categories?post=21962"},{"taxonomy":"post_tag","embeddable":true,"href":"https:\/\/www.fazenda.niteroi.rj.gov.br\/site\/wp-json\/wp\/v2\/tags?post=21962"}],"curies":[{"name":"wp","href":"https:\/\/api.w.org\/{rel}","templated":true}]}}