{"id":21998,"date":"2023-06-01T11:24:54","date_gmt":"2023-06-01T14:24:54","guid":{"rendered":"https:\/\/www.fazenda.niteroi.rj.gov.br\/site\/?p=21998"},"modified":"2023-06-01T11:25:28","modified_gmt":"2023-06-01T14:25:28","slug":"agenda-01-06-2023-quinta-feira","status":"publish","type":"post","link":"https:\/\/www.fazenda.niteroi.rj.gov.br\/site\/agenda-01-06-2023-quinta-feira\/","title":{"rendered":"Agenda 01\/06\/2023  Quinta-Feira"},"content":{"rendered":"\n<p><\/p>\n\n\n\n<p>10h30 <\/p>\n\n\n\n<p>Reuni\u00e3o com Procurador Geral Dr. Francisco Soares, Superintendente Jur\u00eddico Dr. Guilherme Hombeerck, Subs de Finan\u00e7as Sr. Heitor Moreira, Diretora de Finan\u00e7as Fl\u00e1via Bittencourt, Diretor de Controle Interno Pedro Reys.<\/p>\n\n\n\n<p>11h30<br>Reuni\u00e3o com o Conselho ISO<\/p>\n\n\n\n<p>Local: SMF<\/p>\n\n\n\n<p>14h<\/p>\n\n\n\n<p>Despacho Interno com Subs de Receitas Sr. Juan Rodrigues, Subs de Finan\u00e7as Sr. Heitor Moreira, Diretor de Controle Interno Sr. Pedro Reys.<\/p>\n\n\n\n<p>15h<\/p>\n\n\n\n<p>Reuni\u00e3o com a Diretora da Asplan Sra. Dandara Xavier, Subs de Finan\u00e7as Sr. Heitor Moreira.<\/p>\n\n\n\n<p>Pauta: Carteira de Projetos<\/p>\n\n\n\n<p>Local: SMF<\/p>\n\n\n\n<p><\/p>\n\n\n\n<p>16h<\/p>\n\n\n\n<p>Despacho com o Controle Interno<br><br><\/p>\n","protected":false},"excerpt":{"rendered":"<p>10h30 Reuni\u00e3o com Procurador Geral Dr. Francisco Soares, Superintendente Jur\u00eddico Dr. Guilherme Hombeerck, Subs de Finan\u00e7as Sr. Heitor Moreira, Diretora de Finan\u00e7as Fl\u00e1via Bittencourt, Diretor de Controle Interno Pedro Reys. [&hellip;]<\/p>\n","protected":false},"author":20,"featured_media":0,"comment_status":"closed","ping_status":"closed","sticky":false,"template":"","format":"standard","meta":{"_et_pb_use_builder":"","_et_pb_old_content":"","_et_gb_content_width":"","_usar_header_alternativo":false,"footnotes":""},"categories":[394],"tags":[397,452],"class_list":["post-21998","post","type-post","status-publish","format-standard","hentry","category-agenda","tag-agenda-da-secretaria","tag-transparencia","et-doesnt-have-format-content","et_post_format-et-post-format-standard"],"_links":{"self":[{"href":"https:\/\/www.fazenda.niteroi.rj.gov.br\/site\/wp-json\/wp\/v2\/posts\/21998","targetHints":{"allow":["GET"]}}],"collection":[{"href":"https:\/\/www.fazenda.niteroi.rj.gov.br\/site\/wp-json\/wp\/v2\/posts"}],"about":[{"href":"https:\/\/www.fazenda.niteroi.rj.gov.br\/site\/wp-json\/wp\/v2\/types\/post"}],"author":[{"embeddable":true,"href":"https:\/\/www.fazenda.niteroi.rj.gov.br\/site\/wp-json\/wp\/v2\/users\/20"}],"replies":[{"embeddable":true,"href":"https:\/\/www.fazenda.niteroi.rj.gov.br\/site\/wp-json\/wp\/v2\/comments?post=21998"}],"version-history":[{"count":1,"href":"https:\/\/www.fazenda.niteroi.rj.gov.br\/site\/wp-json\/wp\/v2\/posts\/21998\/revisions"}],"predecessor-version":[{"id":21999,"href":"https:\/\/www.fazenda.niteroi.rj.gov.br\/site\/wp-json\/wp\/v2\/posts\/21998\/revisions\/21999"}],"wp:attachment":[{"href":"https:\/\/www.fazenda.niteroi.rj.gov.br\/site\/wp-json\/wp\/v2\/media?parent=21998"}],"wp:term":[{"taxonomy":"category","embeddable":true,"href":"https:\/\/www.fazenda.niteroi.rj.gov.br\/site\/wp-json\/wp\/v2\/categories?post=21998"},{"taxonomy":"post_tag","embeddable":true,"href":"https:\/\/www.fazenda.niteroi.rj.gov.br\/site\/wp-json\/wp\/v2\/tags?post=21998"}],"curies":[{"name":"wp","href":"https:\/\/api.w.org\/{rel}","templated":true}]}}